{"id":12393,"date":"2022-09-18T14:09:33","date_gmt":"2022-09-18T13:09:33","guid":{"rendered":"https:\/\/www.pfarregersthof.at\/komm\/?p=12393"},"modified":"2022-09-20T23:07:10","modified_gmt":"2022-09-20T22:07:10","slug":"anmeldung-zur-kommunionvorbereitung","status":"publish","type":"post","link":"https:\/\/www.pfarregersthof.at\/komm\/2022\/09\/anmeldung-zur-kommunionvorbereitung\/","title":{"rendered":"Anmeldung zur Kommunionvorbereitung"},"content":{"rendered":"\n<p>Vielleicht hat Sie ja schon mein Brief erreicht mit der Einladung, in Ihrer Familie zu \u00fcberlegen, ob Ihr Kind das Fest der Kommunion feiern und die Zeit der Vorbereitung hier mit uns verbringen m\u00f6chte.<\/p>\n<p>Hier nochmal die herzliche Einladung f\u00fcr kommenden Dienstag, 20.September, 19.30 Uhr in die Pfarrkirche am Bischof-Faber-Platz zu kommen zum Informieren und einander Kennenlernen.<\/p>\n<p>Ich freue mich, Sie zu sehen! <br><span style=\"color: #3366ff;\"><em>Pastoralassistent Arthur<\/em><\/span><\/p>\n","protected":false},"excerpt":{"rendered":"<p>Vielleicht hat Sie ja schon mein Brief erreicht mit der Einladung, in Ihrer Familie zu \u00fcberlegen, ob Ihr Kind das Fest der Kommunion feiern und die Zeit der Vorbereitung hier mit uns verbringen m\u00f6chte. Hier nochmal die herzliche Einladung f\u00fcr kommenden Dienstag, 20.September, 19.30 Uhr in die Pfarrkirche am Bischof-Faber-Platz zu kommen zum Informieren und [&hellip;]<\/p>\n","protected":false},"author":2,"featured_media":0,"comment_status":"closed","ping_status":"closed","sticky":false,"template":"","format":"standard","meta":{"ngg_post_thumbnail":0,"footnotes":""},"categories":[7],"tags":[],"class_list":["post-12393","post","type-post","status-publish","format-standard","category-archiv"],"publishpress_future_action":{"enabled":false,"date":"2026-09-10 22:33:19","action":"category","newStatus":"draft","terms":[],"taxonomy":"category","extraData":[]},"publishpress_future_workflow_manual_trigger":{"enabledWorkflows":[]},"_links":{"self":[{"href":"https:\/\/www.pfarregersthof.at\/komm\/wp-json\/wp\/v2\/posts\/12393","targetHints":{"allow":["GET"]}}],"collection":[{"href":"https:\/\/www.pfarregersthof.at\/komm\/wp-json\/wp\/v2\/posts"}],"about":[{"href":"https:\/\/www.pfarregersthof.at\/komm\/wp-json\/wp\/v2\/types\/post"}],"author":[{"embeddable":true,"href":"https:\/\/www.pfarregersthof.at\/komm\/wp-json\/wp\/v2\/users\/2"}],"replies":[{"embeddable":true,"href":"https:\/\/www.pfarregersthof.at\/komm\/wp-json\/wp\/v2\/comments?post=12393"}],"version-history":[{"count":1,"href":"https:\/\/www.pfarregersthof.at\/komm\/wp-json\/wp\/v2\/posts\/12393\/revisions"}],"predecessor-version":[{"id":12394,"href":"https:\/\/www.pfarregersthof.at\/komm\/wp-json\/wp\/v2\/posts\/12393\/revisions\/12394"}],"wp:attachment":[{"href":"https:\/\/www.pfarregersthof.at\/komm\/wp-json\/wp\/v2\/media?parent=12393"}],"wp:term":[{"taxonomy":"category","embeddable":true,"href":"https:\/\/www.pfarregersthof.at\/komm\/wp-json\/wp\/v2\/categories?post=12393"},{"taxonomy":"post_tag","embeddable":true,"href":"https:\/\/www.pfarregersthof.at\/komm\/wp-json\/wp\/v2\/tags?post=12393"}],"curies":[{"name":"wp","href":"https:\/\/api.w.org\/{rel}","templated":true}]}}