{"id":13001,"date":"2022-12-04T18:10:20","date_gmt":"2022-12-04T17:10:20","guid":{"rendered":"https:\/\/www.pfarregersthof.at\/komm\/?p=13001"},"modified":"2023-01-16T12:30:07","modified_gmt":"2023-01-16T11:30:07","slug":"weihnachtspaket-aktion-messe-11-12-danke","status":"publish","type":"post","link":"https:\/\/www.pfarregersthof.at\/komm\/2022\/12\/weihnachtspaket-aktion-messe-11-12-danke\/","title":{"rendered":"Weihnachtspaket-Aktion Messe 11.12. &#8211; Danke!"},"content":{"rendered":"\n\n<p>Liebe Pfarrgemeinde!&nbsp; <br>DANKE dass Sie sich an dieser Aktion wie in den vergangenen Jahren so aktiv beteiligt haben und damit sicher viele Freudentr\u00e4nen ausl\u00f6sen werden! ALLE \u201eWunschzettel\u201c \u2013 dahinter stehen 691 Personen (davon 447 Kinder) &#8211; haben einen Abnehmer gefunden. Sie sind gro\u00dfartig DANKE!<\/p>\n<p>Aufgrund der Vielzahl der \u201eWunschzettel\u201c \u2013 im Vergleich zu den Vorjahren \u2013 haben wir noch einen zus\u00e4tzlichen Abgabetermin vorgesehen.&nbsp; Die Abgabetermine f\u00fcr ihr Geschenkpaket sind:<br><strong>zus\u00e4tzlich am 08.12.2022 vor und nach der 10:00 Messe <br><\/strong>und schlie\u00dflich <strong>am 10.\/11.12.2022<\/strong> jeweils vor und nach den Gottesdiensten im Vorraum unserer Pfarrkirche, oder unter der Woche 9 &#8211; 12 Uhr im Pfarrsekretariat am Bischof-Faber Platz 7.<\/p>\n<p>Der Abschluss der Weihnachtspaketaktion wird am Sonntag, 11. Dezember 2022, wie immer im Rahmen eines festlichen Gottesdienstes um 10 Uhr mit Dr. Michael Landau &#8211; Pr\u00e4sident Caritas Wien und \u00d6sterreich &#8211; gefeiert.<\/p>\n<p><strong>Nochmals DANKE dass Sie sich auch in diesem Jahr wieder so zahlreich und eindrucksvoll beteiligt haben!&nbsp;<\/strong><\/p>\n<p><span style=\"color: #3366ff;\"><em>Maria Kissich<\/em> <\/span><em>und das Team der Pfarrcaritas<\/em><\/p>\n\n","protected":false},"excerpt":{"rendered":"<p>Liebe Pfarrgemeinde!&nbsp; DANKE dass Sie sich an dieser Aktion wie in den vergangenen Jahren so aktiv beteiligt haben und damit sicher viele Freudentr\u00e4nen ausl\u00f6sen werden! ALLE \u201eWunschzettel\u201c \u2013 dahinter stehen 691 Personen (davon 447 Kinder) &#8211; haben einen Abnehmer gefunden. Sie sind gro\u00dfartig DANKE! Aufgrund der Vielzahl der \u201eWunschzettel\u201c \u2013 im Vergleich zu den Vorjahren [&hellip;]<\/p>\n","protected":false},"author":2,"featured_media":12996,"comment_status":"closed","ping_status":"closed","sticky":false,"template":"","format":"standard","meta":{"ngg_post_thumbnail":0,"footnotes":""},"categories":[7],"tags":[],"class_list":{"0":"post-13001","1":"post","2":"type-post","3":"status-publish","4":"format-standard","5":"has-post-thumbnail","7":"category-archiv"},"publishpress_future_action":{"enabled":false,"date":"2026-05-07 11:24:46","action":"category","newStatus":"draft","terms":[],"taxonomy":"category","extraData":[]},"publishpress_future_workflow_manual_trigger":{"enabledWorkflows":[]},"_links":{"self":[{"href":"https:\/\/www.pfarregersthof.at\/komm\/wp-json\/wp\/v2\/posts\/13001","targetHints":{"allow":["GET"]}}],"collection":[{"href":"https:\/\/www.pfarregersthof.at\/komm\/wp-json\/wp\/v2\/posts"}],"about":[{"href":"https:\/\/www.pfarregersthof.at\/komm\/wp-json\/wp\/v2\/types\/post"}],"author":[{"embeddable":true,"href":"https:\/\/www.pfarregersthof.at\/komm\/wp-json\/wp\/v2\/users\/2"}],"replies":[{"embeddable":true,"href":"https:\/\/www.pfarregersthof.at\/komm\/wp-json\/wp\/v2\/comments?post=13001"}],"version-history":[{"count":1,"href":"https:\/\/www.pfarregersthof.at\/komm\/wp-json\/wp\/v2\/posts\/13001\/revisions"}],"predecessor-version":[{"id":13002,"href":"https:\/\/www.pfarregersthof.at\/komm\/wp-json\/wp\/v2\/posts\/13001\/revisions\/13002"}],"wp:featuredmedia":[{"embeddable":true,"href":"https:\/\/www.pfarregersthof.at\/komm\/wp-json\/wp\/v2\/media\/12996"}],"wp:attachment":[{"href":"https:\/\/www.pfarregersthof.at\/komm\/wp-json\/wp\/v2\/media?parent=13001"}],"wp:term":[{"taxonomy":"category","embeddable":true,"href":"https:\/\/www.pfarregersthof.at\/komm\/wp-json\/wp\/v2\/categories?post=13001"},{"taxonomy":"post_tag","embeddable":true,"href":"https:\/\/www.pfarregersthof.at\/komm\/wp-json\/wp\/v2\/tags?post=13001"}],"curies":[{"name":"wp","href":"https:\/\/api.w.org\/{rel}","templated":true}]}}