{"id":13035,"date":"2022-12-06T12:03:13","date_gmt":"2022-12-06T11:03:13","guid":{"rendered":"https:\/\/www.pfarregersthof.at\/komm\/?p=13035"},"modified":"2022-12-18T20:48:47","modified_gmt":"2022-12-18T19:48:47","slug":"60plus-idole-und-rivalen-15-12","status":"publish","type":"post","link":"https:\/\/www.pfarregersthof.at\/komm\/2022\/12\/60plus-idole-und-rivalen-15-12\/","title":{"rendered":"60plus: &#8222;Idole und Rivalen&#8220; (15.12.)"},"content":{"rendered":"\n<p>Liebe Freunde von 60plus und nat\u00fcrlich auch J\u00fcngere! &nbsp;<\/p>\n<p>Am <strong>Donnerstag, 15. Dezember &nbsp;2022,<\/strong> d\u00fcrfen wir Sie\/Euch zur Privatf\u00fchrung&nbsp; &#8222;Idole und Rivalen &#8211; K\u00fcnstler*innen im&nbsp; Wettbewerb&#8220; in das <strong>Kunsthistorische Museum Wien<\/strong> (Maria-Theresien-Platz, 1010 Wien) einladen. Die Aus\u00ad\u00adstel\u00adlung zeigt, wie K\u00fcnstler*innen der Antike, der Renais\u00adsance und des Ba\u00adrocks mit\u00adeinander in Kon\u00adkur\u00adrenz ge\u00adtre\u00adten sind und wie sie sich dar\u00fcber hin\u00adaus auch an antiken Vor\u00adbildern ge\u00admes\u00adsen haben. Aus diesen Wett\u00adstrei\u00adten sind einige der be\u00adkanntesten Werke der Kunst\u00adgeschichte hervorgegangen.<\/p>\n<p>Beginn der F\u00fchrung: 14:45 <strong>Treffpunkt: 14:30 beim Eingang<\/strong> (Dauer ca. 1 Stunde). Anfahrt mit \u201e\u00d6ffis\u201c : Stra\u00dfenbahn Linie 40\/41 (Gersthof Abfahrt ca. 13:50 Uhr) bis Schottentor danach Ring-Linie.&nbsp;<\/p>\n<p>Im Anschluss an die F\u00fchrung wollen wir gemeinsam auf einen Punsch in der N\u00e4he gehen. Es gelten die zu diesem Zeitpunkt gesetzlichen Covidbestimmungen. <br>Bitte um Anmeldung im <a href=\"\/komm\/pfarre-von-a-z\/information\/kontakt-aufnehmen\/#pfarrsek\">Pfarrsekretariat<\/a> bis sp\u00e4testens 14.12.&nbsp;<\/p>\n<p>Auf einen informativen Nachmittag freut sich &nbsp;&nbsp;&nbsp;&nbsp;&nbsp;&nbsp;&nbsp;&nbsp;&nbsp;&nbsp;&nbsp;&nbsp;&nbsp;&nbsp;&nbsp;&nbsp;&nbsp;&nbsp;&nbsp;&nbsp;&nbsp;&nbsp;&nbsp;&nbsp;&nbsp;&nbsp; <br><em><span style=\"color: #3366ff;\">Maria Kissich<\/span> und das Caritasteam<\/em><\/p>\n","protected":false},"excerpt":{"rendered":"<p>Liebe Freunde von 60plus und nat\u00fcrlich auch J\u00fcngere! &nbsp; Am Donnerstag, 15. Dezember &nbsp;2022, d\u00fcrfen wir Sie\/Euch zur Privatf\u00fchrung&nbsp; &#8222;Idole und Rivalen &#8211; K\u00fcnstler*innen im&nbsp; Wettbewerb&#8220; in das Kunsthistorische Museum Wien (Maria-Theresien-Platz, 1010 Wien) einladen. Die Aus\u00ad\u00adstel\u00adlung zeigt, wie K\u00fcnstler*innen der Antike, der Renais\u00adsance und des Ba\u00adrocks mit\u00adeinander in Kon\u00adkur\u00adrenz ge\u00adtre\u00adten sind und wie sie [&hellip;]<\/p>\n","protected":false},"author":2,"featured_media":0,"comment_status":"closed","ping_status":"closed","sticky":false,"template":"","format":"standard","meta":{"ngg_post_thumbnail":0,"footnotes":""},"categories":[7],"tags":[],"class_list":{"0":"post-13035","1":"post","2":"type-post","3":"status-publish","4":"format-standard","6":"category-archiv"},"publishpress_future_action":{"enabled":false,"date":"2026-05-05 12:54:11","action":"category","newStatus":"draft","terms":[],"taxonomy":"category","extraData":[]},"publishpress_future_workflow_manual_trigger":{"enabledWorkflows":[]},"_links":{"self":[{"href":"https:\/\/www.pfarregersthof.at\/komm\/wp-json\/wp\/v2\/posts\/13035","targetHints":{"allow":["GET"]}}],"collection":[{"href":"https:\/\/www.pfarregersthof.at\/komm\/wp-json\/wp\/v2\/posts"}],"about":[{"href":"https:\/\/www.pfarregersthof.at\/komm\/wp-json\/wp\/v2\/types\/post"}],"author":[{"embeddable":true,"href":"https:\/\/www.pfarregersthof.at\/komm\/wp-json\/wp\/v2\/users\/2"}],"replies":[{"embeddable":true,"href":"https:\/\/www.pfarregersthof.at\/komm\/wp-json\/wp\/v2\/comments?post=13035"}],"version-history":[{"count":1,"href":"https:\/\/www.pfarregersthof.at\/komm\/wp-json\/wp\/v2\/posts\/13035\/revisions"}],"predecessor-version":[{"id":13036,"href":"https:\/\/www.pfarregersthof.at\/komm\/wp-json\/wp\/v2\/posts\/13035\/revisions\/13036"}],"wp:attachment":[{"href":"https:\/\/www.pfarregersthof.at\/komm\/wp-json\/wp\/v2\/media?parent=13035"}],"wp:term":[{"taxonomy":"category","embeddable":true,"href":"https:\/\/www.pfarregersthof.at\/komm\/wp-json\/wp\/v2\/categories?post=13035"},{"taxonomy":"post_tag","embeddable":true,"href":"https:\/\/www.pfarregersthof.at\/komm\/wp-json\/wp\/v2\/tags?post=13035"}],"curies":[{"name":"wp","href":"https:\/\/api.w.org\/{rel}","templated":true}]}}