{"id":13165,"date":"2022-12-27T11:27:00","date_gmt":"2022-12-27T10:27:00","guid":{"rendered":"https:\/\/www.pfarregersthof.at\/komm\/?p=13165"},"modified":"2023-02-18T15:19:14","modified_gmt":"2023-02-18T14:19:14","slug":"neue-hohe-energiekosten-erfordern-sparmassnahmen","status":"publish","type":"post","link":"https:\/\/www.pfarregersthof.at\/komm\/2022\/12\/neue-hohe-energiekosten-erfordern-sparmassnahmen\/","title":{"rendered":"Neue hohe Energiekosten erfordern Sparma\u00dfnahmen"},"content":{"rendered":"\n<p>Liebe Pfarrgemeinde,<br>vorerst m\u00f6chten wir uns bei den vielen unerm\u00fcdlichen Spenderinnen und Spendern in unserer Pfarre recht herzlich bedanken. Sowohl der reale als auch der virtuelle Klingelbeutel sind unersetzliche Einnahmen f\u00fcr die Gemeinde. Mit ihrer Gro\u00dfz\u00fcgigkeit haben Sie es der Pfarrgemeinde Gersthof erm\u00f6glicht, finanziell gut durch die Pandemie zu kommen.<\/p>\n<p>Leider gibt es aufgrund der aktuellen Situation keine Entspannung, im Gegenteil: Aufgrund der explodierenden Energiepreise sind wir gezwungen, Sparma\u00dfnahmen zu ergreifen. Nach der neuen Vorschreibung w\u00fcrden unsere Energiekosten in den Geb\u00e4uden Pfarrkirche, Johannes Nepomuk Kapelle, Gemeindezentrum und Pfarrhaus ohne Sparma\u00dfnahmen im n\u00e4chsten Jahr auf das Vierfache steigen! D.h. von zurzeit etwa 15.000 EUR auf rund 60.000. Das w\u00fcrde fast 40% unseres Budgets verschlingen und w\u00e4re somit auf Dauer nicht finanzierbar.<\/p>\n<p>Der Verm\u00f6gensverwaltungsrat der Pfarre (VVR) hat daher in seiner Sitzung am<br>12.10. mit schwerem Herzen folgende Sofortma\u00dfnahmen beschlossen: <br>(a) die Kirchenbankheizung wird in diesem Winter nicht in Betrieb genommen. Die Anlage ist schon sehr alt ist und es funktionieren nicht mehr alle Heizelemente, sie ist nicht regelbar und sie verbraucht viel Energie f\u00fcr nur einige Menschen im Gottesdienst, ohne alle zu erw\u00e4rmen.<br>(b) die Temperatur f\u00fcr Veranstaltungen im Gemeindezentrum wird auf 19 Grad beschr\u00e4nkt.<\/p>\n<p>Das sind aber nur erste Schritte, denen sicher noch weitere werden folgen m\u00fcssen. Der VVR ist sich dessen bewusst, dass die Ma\u00dfnahmen nicht angenehm sind, leider sind sie aber unumg\u00e4nglich. Wir bitten daher den beschr\u00e4nkten finanziellen M\u00f6glichkeiten<br>unserer Pfarre folgend um Ihr Verst\u00e4ndnis <br>P. Arkadiusz Zakreta CM, Pfarrer<br>Alexander Winkler, Stellv. Vorsitzender des PGR Gersthof St. Leopold<br>Helmut Janota, Stellv. Vorsitzender des VVR Gersthof St. Leopold<\/p>\n","protected":false},"excerpt":{"rendered":"<p>Liebe Pfarrgemeinde,vorerst m\u00f6chten wir uns bei den vielen unerm\u00fcdlichen Spenderinnen und Spendern in unserer Pfarre recht herzlich bedanken. Sowohl der reale als auch der virtuelle Klingelbeutel sind unersetzliche Einnahmen f\u00fcr die Gemeinde. Mit ihrer Gro\u00dfz\u00fcgigkeit haben Sie es der Pfarrgemeinde Gersthof erm\u00f6glicht, finanziell gut durch die Pandemie zu kommen. Leider gibt es aufgrund der aktuellen [&hellip;]<\/p>\n","protected":false},"author":2,"featured_media":0,"comment_status":"closed","ping_status":"closed","sticky":false,"template":"","format":"standard","meta":{"ngg_post_thumbnail":0,"footnotes":""},"categories":[20],"tags":[],"class_list":{"0":"post-13165","1":"post","2":"type-post","3":"status-publish","4":"format-standard","6":"category-uebrigens"},"publishpress_future_action":{"enabled":false,"date":"2026-05-09 14:00:12","action":"category","newStatus":"draft","terms":[],"taxonomy":"category","extraData":[]},"publishpress_future_workflow_manual_trigger":{"enabledWorkflows":[]},"_links":{"self":[{"href":"https:\/\/www.pfarregersthof.at\/komm\/wp-json\/wp\/v2\/posts\/13165","targetHints":{"allow":["GET"]}}],"collection":[{"href":"https:\/\/www.pfarregersthof.at\/komm\/wp-json\/wp\/v2\/posts"}],"about":[{"href":"https:\/\/www.pfarregersthof.at\/komm\/wp-json\/wp\/v2\/types\/post"}],"author":[{"embeddable":true,"href":"https:\/\/www.pfarregersthof.at\/komm\/wp-json\/wp\/v2\/users\/2"}],"replies":[{"embeddable":true,"href":"https:\/\/www.pfarregersthof.at\/komm\/wp-json\/wp\/v2\/comments?post=13165"}],"version-history":[{"count":1,"href":"https:\/\/www.pfarregersthof.at\/komm\/wp-json\/wp\/v2\/posts\/13165\/revisions"}],"predecessor-version":[{"id":13166,"href":"https:\/\/www.pfarregersthof.at\/komm\/wp-json\/wp\/v2\/posts\/13165\/revisions\/13166"}],"wp:attachment":[{"href":"https:\/\/www.pfarregersthof.at\/komm\/wp-json\/wp\/v2\/media?parent=13165"}],"wp:term":[{"taxonomy":"category","embeddable":true,"href":"https:\/\/www.pfarregersthof.at\/komm\/wp-json\/wp\/v2\/categories?post=13165"},{"taxonomy":"post_tag","embeddable":true,"href":"https:\/\/www.pfarregersthof.at\/komm\/wp-json\/wp\/v2\/tags?post=13165"}],"curies":[{"name":"wp","href":"https:\/\/api.w.org\/{rel}","templated":true}]}}