{"id":13181,"date":"2023-01-02T20:55:09","date_gmt":"2023-01-02T19:55:09","guid":{"rendered":"https:\/\/www.pfarregersthof.at\/komm\/?p=13181"},"modified":"2023-01-15T14:01:24","modified_gmt":"2023-01-15T13:01:24","slug":"jesus-kommt-entgegen-bibelnachrede-15-1","status":"publish","type":"post","link":"https:\/\/www.pfarregersthof.at\/komm\/2023\/01\/jesus-kommt-entgegen-bibelnachrede-15-1\/","title":{"rendered":"Jesus kommt entgegen &#8211; Bibelnachrede (15.1.)"},"content":{"rendered":"\n<p>Die Lesungen des 2. Jahreskreis-Sonntags <strong>am 15.1.<\/strong> setzen die Lesungen des 2. Adventsonntags fort: im Dezember k\u00fcndigte Johannes der T\u00e4ufer an, dass einer nach ihm komme, der mit dem Geist tauft. Am 15.1. h\u00f6ren wir, dass Jesus auf Johannes zukam und was Johannes bei dieser Begegnung sagte (Johannes-Evangelium 1, 29-34).<\/p>\n<p>H\u00f6ren wir zu, was \u00fcber Johannes berichtet wird, h\u00f6ren wir auch was die Lesungen aus Jesaja und Korinther-Brief mitteilen. Und es kann \u00fcber Gedanken und Fragen dazu gesprochen werden &#8211; in der <strong>Bibelnachrede<\/strong>, gleich <strong>nach dem 10-Uhr Gottesdienst<\/strong>. In der Osterkapelle k\u00f6nnen die Texte nachgelesen und es kann untereinander dazu ausgetauscht werden, zirka 1\/2 Stunde lang.<\/p>\n<p>Sie sind, du bist, dazu eingeladen,<br><span style=\"color: #3366ff;\"><em>Michael Steidl<\/em><\/span><\/p>\n","protected":false},"excerpt":{"rendered":"<p>Die Lesungen des 2. Jahreskreis-Sonntags am 15.1. setzen die Lesungen des 2. Adventsonntags fort: im Dezember k\u00fcndigte Johannes der T\u00e4ufer an, dass einer nach ihm komme, der mit dem Geist tauft. Am 15.1. h\u00f6ren wir, dass Jesus auf Johannes zukam und was Johannes bei dieser Begegnung sagte (Johannes-Evangelium 1, 29-34). H\u00f6ren wir zu, was \u00fcber [&hellip;]<\/p>\n","protected":false},"author":2,"featured_media":0,"comment_status":"closed","ping_status":"closed","sticky":false,"template":"","format":"standard","meta":{"ngg_post_thumbnail":0,"footnotes":""},"categories":[7],"tags":[],"class_list":{"0":"post-13181","1":"post","2":"type-post","3":"status-publish","4":"format-standard","6":"category-archiv"},"publishpress_future_action":{"enabled":false,"date":"2026-05-05 11:04:36","action":"category","newStatus":"draft","terms":[],"taxonomy":"category","extraData":[]},"publishpress_future_workflow_manual_trigger":{"enabledWorkflows":[]},"_links":{"self":[{"href":"https:\/\/www.pfarregersthof.at\/komm\/wp-json\/wp\/v2\/posts\/13181","targetHints":{"allow":["GET"]}}],"collection":[{"href":"https:\/\/www.pfarregersthof.at\/komm\/wp-json\/wp\/v2\/posts"}],"about":[{"href":"https:\/\/www.pfarregersthof.at\/komm\/wp-json\/wp\/v2\/types\/post"}],"author":[{"embeddable":true,"href":"https:\/\/www.pfarregersthof.at\/komm\/wp-json\/wp\/v2\/users\/2"}],"replies":[{"embeddable":true,"href":"https:\/\/www.pfarregersthof.at\/komm\/wp-json\/wp\/v2\/comments?post=13181"}],"version-history":[{"count":1,"href":"https:\/\/www.pfarregersthof.at\/komm\/wp-json\/wp\/v2\/posts\/13181\/revisions"}],"predecessor-version":[{"id":13182,"href":"https:\/\/www.pfarregersthof.at\/komm\/wp-json\/wp\/v2\/posts\/13181\/revisions\/13182"}],"wp:attachment":[{"href":"https:\/\/www.pfarregersthof.at\/komm\/wp-json\/wp\/v2\/media?parent=13181"}],"wp:term":[{"taxonomy":"category","embeddable":true,"href":"https:\/\/www.pfarregersthof.at\/komm\/wp-json\/wp\/v2\/categories?post=13181"},{"taxonomy":"post_tag","embeddable":true,"href":"https:\/\/www.pfarregersthof.at\/komm\/wp-json\/wp\/v2\/tags?post=13181"}],"curies":[{"name":"wp","href":"https:\/\/api.w.org\/{rel}","templated":true}]}}