{"id":13461,"date":"2023-02-18T15:11:31","date_gmt":"2023-02-18T14:11:31","guid":{"rendered":"https:\/\/www.pfarregersthof.at\/komm\/?p=13461"},"modified":"2023-02-24T17:39:54","modified_gmt":"2023-02-24T16:39:54","slug":"der-kantorei-neuer-name-kantorei-waehring","status":"publish","type":"post","link":"https:\/\/www.pfarregersthof.at\/komm\/2023\/02\/der-kantorei-neuer-name-kantorei-waehring\/","title":{"rendered":"Der Kantorei neuer Name: \u201eKantorei W\u00e4hring&#8220;"},"content":{"rendered":"\n<p>Die &#8222;Kantorei&#8220; unserer Pfarre blickt auf eine l\u00e4ngere Geschichte zur\u00fcck. Bereits mit der Einweihung der neu errichteten Pfarrkirche Gersthof St. Leopold im Jahr 1891 entstand auch der \u201eGersthofer Kirchenmusikverein\u201c. 1991 wurden die Ch\u00f6re der Pfarren von Gersthof und St. Severin zusammengelegt. Der Chor trug seither den Namen \u201eGersthofer Kantorei Chorus St. Severini\u201c. Mittlerweile sorgt die Kantorei f\u00fcr die musikalische Gestaltung von Gottesdiensten zu besonderen<br>Anl\u00e4ssen in drei W\u00e4hringer Kirchen.<\/p>\n<p>Mit der nunmehr gew\u00e4hlten neuen Bezeichnung \u201eKantorei W\u00e4hring \u201c wird unser Kirchenchor k\u00fcnftig mit einem einpr\u00e4gsameren und leichter erkennbaren Namen auftreten.<\/p>\n<p>Komm, sing mit! Die Kantorei freut sich \u00fcber neue Mitglieder. Anmeldungen f\u00fcr eine Schnupperprobe k\u00f6nnen per Telefon im<a href=\"\/komm\/pfarre-von-a-z\/information\/kontakt-aufnehmen\/#pfarrsek\"> Pfarrsekretariat<\/a> oder per E-Mail an <a href=\"mailto:sekretariat@pfarregersthof.at\">sekretariat@pfarregersthof.at<\/a> vorgenommen werden.<\/p>\n<p>Paul Provaznik und Gerasim Mangurov<\/p>\n","protected":false},"excerpt":{"rendered":"<p>Die &#8222;Kantorei&#8220; unserer Pfarre blickt auf eine l\u00e4ngere Geschichte zur\u00fcck. Bereits mit der Einweihung der neu errichteten Pfarrkirche Gersthof St. Leopold im Jahr 1891 entstand auch der \u201eGersthofer Kirchenmusikverein\u201c. 1991 wurden die Ch\u00f6re der Pfarren von Gersthof und St. Severin zusammengelegt. Der Chor trug seither den Namen \u201eGersthofer Kantorei Chorus St. Severini\u201c. Mittlerweile sorgt die [&hellip;]<\/p>\n","protected":false},"author":2,"featured_media":0,"comment_status":"closed","ping_status":"closed","sticky":false,"template":"","format":"standard","meta":{"ngg_post_thumbnail":0,"footnotes":""},"categories":[20],"tags":[],"class_list":{"0":"post-13461","1":"post","2":"type-post","3":"status-publish","4":"format-standard","6":"category-uebrigens"},"publishpress_future_action":{"enabled":false,"date":"2026-05-09 13:59:24","action":"category","newStatus":"draft","terms":[],"taxonomy":"category","extraData":[]},"publishpress_future_workflow_manual_trigger":{"enabledWorkflows":[]},"_links":{"self":[{"href":"https:\/\/www.pfarregersthof.at\/komm\/wp-json\/wp\/v2\/posts\/13461","targetHints":{"allow":["GET"]}}],"collection":[{"href":"https:\/\/www.pfarregersthof.at\/komm\/wp-json\/wp\/v2\/posts"}],"about":[{"href":"https:\/\/www.pfarregersthof.at\/komm\/wp-json\/wp\/v2\/types\/post"}],"author":[{"embeddable":true,"href":"https:\/\/www.pfarregersthof.at\/komm\/wp-json\/wp\/v2\/users\/2"}],"replies":[{"embeddable":true,"href":"https:\/\/www.pfarregersthof.at\/komm\/wp-json\/wp\/v2\/comments?post=13461"}],"version-history":[{"count":1,"href":"https:\/\/www.pfarregersthof.at\/komm\/wp-json\/wp\/v2\/posts\/13461\/revisions"}],"predecessor-version":[{"id":13462,"href":"https:\/\/www.pfarregersthof.at\/komm\/wp-json\/wp\/v2\/posts\/13461\/revisions\/13462"}],"wp:attachment":[{"href":"https:\/\/www.pfarregersthof.at\/komm\/wp-json\/wp\/v2\/media?parent=13461"}],"wp:term":[{"taxonomy":"category","embeddable":true,"href":"https:\/\/www.pfarregersthof.at\/komm\/wp-json\/wp\/v2\/categories?post=13461"},{"taxonomy":"post_tag","embeddable":true,"href":"https:\/\/www.pfarregersthof.at\/komm\/wp-json\/wp\/v2\/tags?post=13461"}],"curies":[{"name":"wp","href":"https:\/\/api.w.org\/{rel}","templated":true}]}}