{"id":13697,"date":"2023-03-26T16:08:08","date_gmt":"2023-03-26T15:08:08","guid":{"rendered":"https:\/\/www.pfarregersthof.at\/komm\/?p=13697"},"modified":"2023-04-02T14:49:11","modified_gmt":"2023-04-02T13:49:11","slug":"herzlichen-dank","status":"publish","type":"post","link":"https:\/\/www.pfarregersthof.at\/komm\/2023\/03\/herzlichen-dank\/","title":{"rendered":"Herzlichen Dank &#8230;"},"content":{"rendered":"\n\n\n<p>&#8230; sagen wir im Namen der Pfarrgemeinde f\u00fcr eine Gro\u00dfspende, die wir schon vor einigen Wochen mit der Widmung, die Energierechnungen f\u00fcr Kirche und Gemeindezentrum besser stemmen zu k\u00f6nnen, erhalten haben!<\/p>\n<p>Herzlichen Dank sagen wir selbstverst\u00e4ndlich auch f\u00fcr die Spenden in den virtuellen Klingelbeutel, der immer wieder bef\u00fcllt wird!<\/p>\n<p><span style=\"color: #3366ff;\"><em>Helmut Janota<\/em><\/span><br>Stv. Vorsitzender Verm\u00f6gensverwaltungsrat<\/p>\n","protected":false},"excerpt":{"rendered":"<p>&#8230; sagen wir im Namen der Pfarrgemeinde f\u00fcr eine Gro\u00dfspende, die wir schon vor einigen Wochen mit der Widmung, die Energierechnungen f\u00fcr Kirche und Gemeindezentrum besser stemmen zu k\u00f6nnen, erhalten haben! Herzlichen Dank sagen wir selbstverst\u00e4ndlich auch f\u00fcr die Spenden in den virtuellen Klingelbeutel, der immer wieder bef\u00fcllt wird! Helmut JanotaStv. Vorsitzender Verm\u00f6gensverwaltungsrat<\/p>\n","protected":false},"author":2,"featured_media":0,"comment_status":"closed","ping_status":"closed","sticky":false,"template":"","format":"standard","meta":{"ngg_post_thumbnail":0,"footnotes":""},"categories":[20],"tags":[],"class_list":{"0":"post-13697","1":"post","2":"type-post","3":"status-publish","4":"format-standard","6":"category-uebrigens"},"publishpress_future_action":{"enabled":false,"date":"2026-05-09 14:00:27","action":"category","newStatus":"draft","terms":[],"taxonomy":"category","extraData":[]},"publishpress_future_workflow_manual_trigger":{"enabledWorkflows":[]},"_links":{"self":[{"href":"https:\/\/www.pfarregersthof.at\/komm\/wp-json\/wp\/v2\/posts\/13697","targetHints":{"allow":["GET"]}}],"collection":[{"href":"https:\/\/www.pfarregersthof.at\/komm\/wp-json\/wp\/v2\/posts"}],"about":[{"href":"https:\/\/www.pfarregersthof.at\/komm\/wp-json\/wp\/v2\/types\/post"}],"author":[{"embeddable":true,"href":"https:\/\/www.pfarregersthof.at\/komm\/wp-json\/wp\/v2\/users\/2"}],"replies":[{"embeddable":true,"href":"https:\/\/www.pfarregersthof.at\/komm\/wp-json\/wp\/v2\/comments?post=13697"}],"version-history":[{"count":1,"href":"https:\/\/www.pfarregersthof.at\/komm\/wp-json\/wp\/v2\/posts\/13697\/revisions"}],"predecessor-version":[{"id":13698,"href":"https:\/\/www.pfarregersthof.at\/komm\/wp-json\/wp\/v2\/posts\/13697\/revisions\/13698"}],"wp:attachment":[{"href":"https:\/\/www.pfarregersthof.at\/komm\/wp-json\/wp\/v2\/media?parent=13697"}],"wp:term":[{"taxonomy":"category","embeddable":true,"href":"https:\/\/www.pfarregersthof.at\/komm\/wp-json\/wp\/v2\/categories?post=13697"},{"taxonomy":"post_tag","embeddable":true,"href":"https:\/\/www.pfarregersthof.at\/komm\/wp-json\/wp\/v2\/tags?post=13697"}],"curies":[{"name":"wp","href":"https:\/\/api.w.org\/{rel}","templated":true}]}}