{"id":13699,"date":"2023-03-28T21:10:43","date_gmt":"2023-03-28T19:10:43","guid":{"rendered":"https:\/\/www.pfarregersthof.at\/komm\/?p=13699"},"modified":"2023-04-10T17:01:12","modified_gmt":"2023-04-10T15:01:12","slug":"karwoche-und-ostern-in-gersthof","status":"publish","type":"post","link":"https:\/\/www.pfarregersthof.at\/komm\/2023\/03\/karwoche-und-ostern-in-gersthof\/","title":{"rendered":"Karwoche und Ostern in Gersthof"},"content":{"rendered":"\n<p>Die Vorbereitung auf Ostern steht unter dem Gedanken &#8222;Leben neu suchen&#8220; um uns daran zu erinnern, dass Leben nicht Routine werden soll, sondern immer neue Zug\u00e4nge zur Zukunft gefunden, neue n\u00e4chste Schritte gesetzt werden sollen &#8211; und uns unser Glaube dabei begleiten kann.<br>Das Osterfest steht unter dem Gedanken &#8222;Leben neu feiern&#8220;, denn das Leben soll nicht nur M\u00fche und Anstrengung sein, sondern auch Anl\u00e4sse und Zeit zum Feiern haben &#8211; wir greifen die Auferstehung Jesu auf, um miteinander zu feiern.<\/p>\n<p>Der \u00dcbergang vom ersten zum zweiten Gedanken pr\u00e4gt, was sich in der Pfarre Gersthof in der Karwoche und zu Ostern tut:<\/p>\n<p><strong><a href=\"https:\/\/www.pfarregersthof.at\/komm\/wp-content\/uploads\/2023\/03\/Fastenzeit2023-hoch_1.jpg\"><img loading=\"lazy\" decoding=\"async\" class=\"alignright wp-image-13725 size-full\" src=\"https:\/\/www.pfarregersthof.at\/komm\/wp-content\/uploads\/2023\/03\/Fastenzeit2023-hoch_1.jpg\" alt=\"\" width=\"154\" height=\"500\" srcset=\"https:\/\/www.pfarregersthof.at\/komm\/wp-content\/uploads\/2023\/03\/Fastenzeit2023-hoch_1.jpg 154w, https:\/\/www.pfarregersthof.at\/komm\/wp-content\/uploads\/2023\/03\/Fastenzeit2023-hoch_1-46x150.jpg 46w, https:\/\/www.pfarregersthof.at\/komm\/wp-content\/uploads\/2023\/03\/Fastenzeit2023-hoch_1-92x300.jpg 92w\" sizes=\"auto, (max-width: 154px) 100vw, 154px\" \/><\/a>Palmsonntag (2. April)<\/strong><br>9:30, Ferrogasse\/Erndtgasse: Statio mit Segnung der Palmzweige und Prozession zur Pfarrkirche<br>ca 10:00, Pfarrkirche: Gemeindegottesdienst (als Familiengottesdienst)<br>&nbsp; Gottesdienst wird <a href=\"https:\/\/youtube.com\/live\/D8M-jn31Gas?feature=share\">auf YouTube gestreamt<\/a>.<br>11:30 Johannes-Nepomuk-Kapelle: Gemeindegottesdienst in Alt-Gersthof<br>(Es wird kein Abendgottesdienst gefeiert.)<\/p>\n<p><strong>Gr\u00fcndonnerstag (6. April)<\/strong><br>17:00, Gemeindezentrum: Gottesdienst f\u00fcr Kinder zum Gr\u00fcndonnerstag<br>19:00, Pfarrkirche: Gottesdienst zum Gr\u00fcndonnerstag (mit Fu\u00dfwaschung)<br>&nbsp; Gottesdienst wird <a href=\"https:\/\/youtube.com\/live\/P7XXjLI9COg?feature=share\">auf YouTube gestreamt<\/a>.<br>20:00, Gemeindezentrum: Agape (Essen &amp; was zum Trinken)<\/p>\n<p><strong>Karfreitag (7. April)<\/strong><br>15:00, Pfarrkirche: Gottesdienst zum Karfreitag (Kreuzweg \u2013 Passion \u2013 Gro\u00dfe F\u00fcrbitten \u2013 Kreuzverehrung)<br>&nbsp; Gottesdienst wird <a href=\"https:\/\/youtube.com\/live\/vfaoCTVCpgY?feature=share\">auf YouTube gestreamt<\/a>.<br>15:00, Gemeindezentrum: Gottesdienst f\u00fcr Kinder zum Karfreitag<\/p>\n<p><strong><a href=\"https:\/\/www.pfarregersthof.at\/komm\/wp-content\/uploads\/2023\/03\/Ostern2023-hoch_1.jpg\"><img loading=\"lazy\" decoding=\"async\" class=\"alignright wp-image-13722 size-full\" src=\"https:\/\/www.pfarregersthof.at\/komm\/wp-content\/uploads\/2023\/03\/Ostern2023-hoch_1.jpg\" alt=\"\" width=\"154\" height=\"500\" srcset=\"https:\/\/www.pfarregersthof.at\/komm\/wp-content\/uploads\/2023\/03\/Ostern2023-hoch_1.jpg 154w, https:\/\/www.pfarregersthof.at\/komm\/wp-content\/uploads\/2023\/03\/Ostern2023-hoch_1-46x150.jpg 46w, https:\/\/www.pfarregersthof.at\/komm\/wp-content\/uploads\/2023\/03\/Ostern2023-hoch_1-92x300.jpg 92w\" sizes=\"auto, (max-width: 154px) 100vw, 154px\" \/><\/a>Osternacht (8.\/9. April)<br><\/strong>21:00, vor Pfarrkirche: Abendfeier (Lichtfeier \u2013 Osterlob \u2013 Wortgottesdienst \u2013 \u00dcbergang zur Nachtwache)<br>&nbsp; Die Abendfeier&nbsp;wird <a href=\"https:\/\/youtube.com\/live\/LQzkEGtfGHM?feature=share\">auf YouTube gestreamt<\/a>.<br>04:15: Friedhofsgang, Treffpunkt vor der Pfarrkirche &#8230;<br>04:45: Friedhofsgang, Treffpunkt Eingang Friedhof Gersthof, M\u00f6hnergasse 1 (Bitte p\u00fcnktlich da sein, der Eingang wird kurz nach 04:45 Uhr wieder verschlossen.)<br>06:00, Pfarrkirche: Morgenfeier (Osterevangelium \u2013 Eucharistiefeier \u2013 Speisensegnung)<br>&nbsp; Die Morgenfeier wird <a href=\"https:\/\/youtube.com\/live\/z63rSJp3Jsk?feature=share\">auf YouTube gestreamt<\/a>.<br>07:30, Gemeindezentrum: Osterfr\u00fchst\u00fcck<\/p>\n<p><strong>&#8230; Ostersonntag (9. April)<\/strong><br>10:00, Pfarrkirche: Gemeindegottesdienst<br>18:00, Pfarrkirche: 38. \u00f6kumenische Ostervesper<\/p>\n<p><strong>Ostermontag (10. April)<\/strong><br>10:00, Pfarrkirche: Gemeindegottesdienst<\/p>\n<p><sub>Ortshinweise:<\/sub><br><sub>Pfarrkirche: auf dem Bischof-Faber-Platz<\/sub><br><sub>Gemeindezentrum: Bastiengasse 18<br>Johannes-Nepomuk-Kapelle: Gersthoferstra\u00dfe 129<\/sub><br><br><\/p>\n","protected":false},"excerpt":{"rendered":"<p>Die Vorbereitung auf Ostern steht unter dem Gedanken &#8222;Leben neu suchen&#8220; um uns daran zu erinnern, dass Leben nicht Routine werden soll, sondern immer neue Zug\u00e4nge zur Zukunft gefunden, neue n\u00e4chste Schritte gesetzt werden sollen &#8211; und uns unser Glaube dabei begleiten kann.Das Osterfest steht unter dem Gedanken &#8222;Leben neu feiern&#8220;, denn das Leben soll [&hellip;]<\/p>\n","protected":false},"author":2,"featured_media":13723,"comment_status":"closed","ping_status":"closed","sticky":false,"template":"","format":"standard","meta":{"ngg_post_thumbnail":0,"footnotes":""},"categories":[7],"tags":[],"class_list":{"0":"post-13699","1":"post","2":"type-post","3":"status-publish","4":"format-standard","5":"has-post-thumbnail","7":"category-archiv"},"publishpress_future_action":{"enabled":false,"date":"2026-05-09 15:30:00","action":"category","newStatus":"draft","terms":[],"taxonomy":"category","extraData":[]},"publishpress_future_workflow_manual_trigger":{"enabledWorkflows":[]},"_links":{"self":[{"href":"https:\/\/www.pfarregersthof.at\/komm\/wp-json\/wp\/v2\/posts\/13699","targetHints":{"allow":["GET"]}}],"collection":[{"href":"https:\/\/www.pfarregersthof.at\/komm\/wp-json\/wp\/v2\/posts"}],"about":[{"href":"https:\/\/www.pfarregersthof.at\/komm\/wp-json\/wp\/v2\/types\/post"}],"author":[{"embeddable":true,"href":"https:\/\/www.pfarregersthof.at\/komm\/wp-json\/wp\/v2\/users\/2"}],"replies":[{"embeddable":true,"href":"https:\/\/www.pfarregersthof.at\/komm\/wp-json\/wp\/v2\/comments?post=13699"}],"version-history":[{"count":5,"href":"https:\/\/www.pfarregersthof.at\/komm\/wp-json\/wp\/v2\/posts\/13699\/revisions"}],"predecessor-version":[{"id":13747,"href":"https:\/\/www.pfarregersthof.at\/komm\/wp-json\/wp\/v2\/posts\/13699\/revisions\/13747"}],"wp:featuredmedia":[{"embeddable":true,"href":"https:\/\/www.pfarregersthof.at\/komm\/wp-json\/wp\/v2\/media\/13723"}],"wp:attachment":[{"href":"https:\/\/www.pfarregersthof.at\/komm\/wp-json\/wp\/v2\/media?parent=13699"}],"wp:term":[{"taxonomy":"category","embeddable":true,"href":"https:\/\/www.pfarregersthof.at\/komm\/wp-json\/wp\/v2\/categories?post=13699"},{"taxonomy":"post_tag","embeddable":true,"href":"https:\/\/www.pfarregersthof.at\/komm\/wp-json\/wp\/v2\/tags?post=13699"}],"curies":[{"name":"wp","href":"https:\/\/api.w.org\/{rel}","templated":true}]}}