{"id":140,"date":"2012-01-27T19:24:55","date_gmt":"2012-01-27T17:24:55","guid":{"rendered":"http:\/\/www.pfarregersthof.at\/komm\/?p=140"},"modified":"2012-04-13T21:25:50","modified_gmt":"2012-04-13T19:25:50","slug":"wenn-sich-die-bereits-groesseren-kinder-treffen","status":"publish","type":"post","link":"https:\/\/www.pfarregersthof.at\/komm\/2012\/01\/wenn-sich-die-bereits-groesseren-kinder-treffen\/","title":{"rendered":"Wenn sich die bereits gr\u00f6\u00dferen Kinder treffen"},"content":{"rendered":"<p>Jeden ersten Mittwoch im Monat (ausgenommen Ferien\/Feiertage) treffen einander ab 15.30 Uhr Kindergartenkinder, deren Geschwister mit ihren Mamas, Papas,\u00a0 Omis,&#8230; im Gemeindezentrum (Bastiengasse 18). Weil sie wegen ihrer Berufst\u00e4tigkeit nicht (mehr) zum Kleinkindertreffen am Vormittag kommen k\u00f6nnen, verbringen wir eine gem\u00fctliche aber auch aktive Zeit miteinander: einen thematischen Input f\u00fcr uns Erwachsene, eine Bastelaktion, Spiel, Musik und Spa\u00df f\u00fcr die Kinder und viel Zeit zum Plaudern, miteinander jausnen, Erfahrungen austauschen. Wer da mitmachen will, ist immer herzlich willkommen!<\/p>\n<p><em>Hemma Gamillscheg<\/em><\/p>\n","protected":false},"excerpt":{"rendered":"<p>Jeden ersten Mittwoch im Monat (ausgenommen Ferien\/Feiertage) treffen einander ab 15.30 Uhr Kindergartenkinder, deren Geschwister mit ihren Mamas, Papas,\u00a0 Omis,&#8230; im Gemeindezentrum (Bastiengasse 18). Weil sie wegen ihrer Berufst\u00e4tigkeit nicht (mehr) zum Kleinkindertreffen am Vormittag kommen k\u00f6nnen, verbringen wir eine gem\u00fctliche aber auch aktive Zeit miteinander: einen thematischen Input f\u00fcr uns Erwachsene, eine Bastelaktion, Spiel, [&hellip;]<\/p>\n","protected":false},"author":2,"featured_media":0,"comment_status":"open","ping_status":"open","sticky":false,"template":"","format":"standard","meta":{"ngg_post_thumbnail":0,"footnotes":""},"categories":[7],"tags":[13,27,28],"class_list":{"0":"post-140","1":"post","2":"type-post","3":"status-publish","4":"format-standard","6":"category-archiv","7":"tag-familie","8":"tag-kinder","9":"tag-zeit-miteinander"},"publishpress_future_action":{"enabled":false,"date":"2026-05-09 10:10:47","action":"category","newStatus":"draft","terms":[],"taxonomy":"category","extraData":[]},"publishpress_future_workflow_manual_trigger":{"enabledWorkflows":[]},"_links":{"self":[{"href":"https:\/\/www.pfarregersthof.at\/komm\/wp-json\/wp\/v2\/posts\/140","targetHints":{"allow":["GET"]}}],"collection":[{"href":"https:\/\/www.pfarregersthof.at\/komm\/wp-json\/wp\/v2\/posts"}],"about":[{"href":"https:\/\/www.pfarregersthof.at\/komm\/wp-json\/wp\/v2\/types\/post"}],"author":[{"embeddable":true,"href":"https:\/\/www.pfarregersthof.at\/komm\/wp-json\/wp\/v2\/users\/2"}],"replies":[{"embeddable":true,"href":"https:\/\/www.pfarregersthof.at\/komm\/wp-json\/wp\/v2\/comments?post=140"}],"version-history":[{"count":3,"href":"https:\/\/www.pfarregersthof.at\/komm\/wp-json\/wp\/v2\/posts\/140\/revisions"}],"predecessor-version":[{"id":142,"href":"https:\/\/www.pfarregersthof.at\/komm\/wp-json\/wp\/v2\/posts\/140\/revisions\/142"}],"wp:attachment":[{"href":"https:\/\/www.pfarregersthof.at\/komm\/wp-json\/wp\/v2\/media?parent=140"}],"wp:term":[{"taxonomy":"category","embeddable":true,"href":"https:\/\/www.pfarregersthof.at\/komm\/wp-json\/wp\/v2\/categories?post=140"},{"taxonomy":"post_tag","embeddable":true,"href":"https:\/\/www.pfarregersthof.at\/komm\/wp-json\/wp\/v2\/tags?post=140"}],"curies":[{"name":"wp","href":"https:\/\/api.w.org\/{rel}","templated":true}]}}