{"id":143,"date":"2012-01-27T19:46:01","date_gmt":"2012-01-27T17:46:01","guid":{"rendered":"http:\/\/www.pfarregersthof.at\/komm\/?p=143"},"modified":"2012-04-18T09:10:04","modified_gmt":"2012-04-18T07:10:04","slug":"schulung-zu-kinder-jugendliturgie-in-der-pfarre-24-2","status":"publish","type":"post","link":"https:\/\/www.pfarregersthof.at\/komm\/2012\/01\/schulung-zu-kinder-jugendliturgie-in-der-pfarre-24-2\/","title":{"rendered":"Schulung zu Kinder-\/ Jugendliturgie in der Pfarre (24.2.)"},"content":{"rendered":"<p>Wie gestaltet man einen Gottesdienst mit Kindern oder Jugendlichen, den diese als ansprechend, spannend, einfach interessant finden? Diesem Geheimnis auf die Spur kommen m\u00f6chte ein Schulungsabend<strong> am 24.2. ab 18 Uhr im Gemeindzentrum (Bastiengasse 18, Kinderraum)<\/strong>. Referent ist Otto Kromer, seit vielen Jahren Mitarbeiter im Bundesb\u00fcro der Katholischen Jungschar. Wer sich f\u00fcr den Abend interessiert, m\u00f6ge bis zum 19.2. Gerda Winner informieren &#8211; <a href=\"mailto:gerda.winner@pfarregersthof.at\">gerda.winner@pfarregersthof.at<\/a><\/p>\n","protected":false},"excerpt":{"rendered":"<p>Wie gestaltet man einen Gottesdienst mit Kindern oder Jugendlichen, den diese als ansprechend, spannend, einfach interessant finden? Diesem Geheimnis auf die Spur kommen m\u00f6chte ein Schulungsabend am 24.2. ab 18 Uhr im Gemeindzentrum (Bastiengasse 18, Kinderraum). Referent ist Otto Kromer, seit vielen Jahren Mitarbeiter im Bundesb\u00fcro der Katholischen Jungschar. Wer sich f\u00fcr den Abend interessiert, [&hellip;]<\/p>\n","protected":false},"author":2,"featured_media":0,"comment_status":"open","ping_status":"open","sticky":false,"template":"","format":"standard","meta":{"ngg_post_thumbnail":0,"footnotes":""},"categories":[7],"tags":[29,27,30],"class_list":{"0":"post-143","1":"post","2":"type-post","3":"status-publish","4":"format-standard","6":"category-archiv","7":"tag-jugendliche","8":"tag-kinder","9":"tag-liturgie"},"publishpress_future_action":{"enabled":false,"date":"2026-05-09 10:08:21","action":"category","newStatus":"draft","terms":[],"taxonomy":"category","extraData":[]},"publishpress_future_workflow_manual_trigger":{"enabledWorkflows":[]},"_links":{"self":[{"href":"https:\/\/www.pfarregersthof.at\/komm\/wp-json\/wp\/v2\/posts\/143","targetHints":{"allow":["GET"]}}],"collection":[{"href":"https:\/\/www.pfarregersthof.at\/komm\/wp-json\/wp\/v2\/posts"}],"about":[{"href":"https:\/\/www.pfarregersthof.at\/komm\/wp-json\/wp\/v2\/types\/post"}],"author":[{"embeddable":true,"href":"https:\/\/www.pfarregersthof.at\/komm\/wp-json\/wp\/v2\/users\/2"}],"replies":[{"embeddable":true,"href":"https:\/\/www.pfarregersthof.at\/komm\/wp-json\/wp\/v2\/comments?post=143"}],"version-history":[{"count":5,"href":"https:\/\/www.pfarregersthof.at\/komm\/wp-json\/wp\/v2\/posts\/143\/revisions"}],"predecessor-version":[{"id":355,"href":"https:\/\/www.pfarregersthof.at\/komm\/wp-json\/wp\/v2\/posts\/143\/revisions\/355"}],"wp:attachment":[{"href":"https:\/\/www.pfarregersthof.at\/komm\/wp-json\/wp\/v2\/media?parent=143"}],"wp:term":[{"taxonomy":"category","embeddable":true,"href":"https:\/\/www.pfarregersthof.at\/komm\/wp-json\/wp\/v2\/categories?post=143"},{"taxonomy":"post_tag","embeddable":true,"href":"https:\/\/www.pfarregersthof.at\/komm\/wp-json\/wp\/v2\/tags?post=143"}],"curies":[{"name":"wp","href":"https:\/\/api.w.org\/{rel}","templated":true}]}}