{"id":14646,"date":"2023-09-17T16:00:43","date_gmt":"2023-09-17T14:00:43","guid":{"rendered":"https:\/\/www.pfarregersthof.at\/komm\/?p=14646"},"modified":"2023-09-30T17:43:13","modified_gmt":"2023-09-30T15:43:13","slug":"gemeinde-gratulierte-p-arkadiusz-zum-60er","status":"publish","type":"post","link":"https:\/\/www.pfarregersthof.at\/komm\/2023\/09\/gemeinde-gratulierte-p-arkadiusz-zum-60er\/","title":{"rendered":"Gemeinde gratulierte P. Arkadiusz zum 60er"},"content":{"rendered":"\n\n\n<p>Am Ende des Gottesdienstes um 10 Uhr am Sonntag, 17.9., gratulierte die Pfarrgemeinde Pfarrer P. Arkadiusz zu seinem 60. Geburtstag. Der Stv. Vorsitzende des Pfarrgemeinderates, Alexander Winkler, \u00fcberreichte ihm eine Gabe die Erholungszeit unterst\u00fctzt und die Mitfeiernden des Gottesdienstes stimmten ein Lied an, mit dem ihm Gl\u00fcck und Segen gewunschen wurde. Auch der Alt-Pfarrer von Gersthof, Norbert Rodt, der Konzelebrant war, gratulierte.<\/p>\n<p>P. Arkadiusz bedankte sich f\u00fcr die gesungenen lebendigen W\u00fcnsche und sprach ein Segensgebet, in dem er f\u00fcr alle in der Gemeinde Wohlergehen und ein gesundes Leben erbat.<\/p>\n<p>Nach dem Gottesdienst wurde vor der Kirche eine Agape von Brot, Wein und Wasser gereicht und viele nutzten die Gelegenheit zu einem kurzen pers\u00f6nlichen Gespr\u00e4che mit P. Arkadiusz.<\/p>\n<p><sup>(Auf eines der Fotos klicken, dann werden alle gro\u00df)<\/sup><\/p>\nngg_shortcode_0_placeholder\n<p><sub>Fotos: Michael Steidl<\/sub><\/p>\n","protected":false},"excerpt":{"rendered":"<p>Am Ende des Gottesdienstes um 10 Uhr am Sonntag, 17.9., gratulierte die Pfarrgemeinde Pfarrer P. Arkadiusz zu seinem 60. Geburtstag. Der Stv. Vorsitzende des Pfarrgemeinderates, Alexander Winkler, \u00fcberreichte ihm eine Gabe die Erholungszeit unterst\u00fctzt und die Mitfeiernden des Gottesdienstes stimmten ein Lied an, mit dem ihm Gl\u00fcck und Segen gewunschen wurde. Auch der Alt-Pfarrer von [&hellip;]<\/p>\n","protected":false},"author":2,"featured_media":14647,"comment_status":"closed","ping_status":"closed","sticky":false,"template":"","format":"standard","meta":{"ngg_post_thumbnail":0,"footnotes":""},"categories":[5],"tags":[],"class_list":["post-14646","post","type-post","status-publish","format-standard","has-post-thumbnail","category-was-gewesen-ist"],"publishpress_future_action":{"enabled":false,"date":"2026-09-08 16:57:17","action":"category","newStatus":"draft","terms":[],"taxonomy":"category","extraData":[]},"publishpress_future_workflow_manual_trigger":{"enabledWorkflows":[]},"_links":{"self":[{"href":"https:\/\/www.pfarregersthof.at\/komm\/wp-json\/wp\/v2\/posts\/14646","targetHints":{"allow":["GET"]}}],"collection":[{"href":"https:\/\/www.pfarregersthof.at\/komm\/wp-json\/wp\/v2\/posts"}],"about":[{"href":"https:\/\/www.pfarregersthof.at\/komm\/wp-json\/wp\/v2\/types\/post"}],"author":[{"embeddable":true,"href":"https:\/\/www.pfarregersthof.at\/komm\/wp-json\/wp\/v2\/users\/2"}],"replies":[{"embeddable":true,"href":"https:\/\/www.pfarregersthof.at\/komm\/wp-json\/wp\/v2\/comments?post=14646"}],"version-history":[{"count":1,"href":"https:\/\/www.pfarregersthof.at\/komm\/wp-json\/wp\/v2\/posts\/14646\/revisions"}],"predecessor-version":[{"id":14648,"href":"https:\/\/www.pfarregersthof.at\/komm\/wp-json\/wp\/v2\/posts\/14646\/revisions\/14648"}],"wp:featuredmedia":[{"embeddable":true,"href":"https:\/\/www.pfarregersthof.at\/komm\/wp-json\/wp\/v2\/media\/14647"}],"wp:attachment":[{"href":"https:\/\/www.pfarregersthof.at\/komm\/wp-json\/wp\/v2\/media?parent=14646"}],"wp:term":[{"taxonomy":"category","embeddable":true,"href":"https:\/\/www.pfarregersthof.at\/komm\/wp-json\/wp\/v2\/categories?post=14646"},{"taxonomy":"post_tag","embeddable":true,"href":"https:\/\/www.pfarregersthof.at\/komm\/wp-json\/wp\/v2\/tags?post=14646"}],"curies":[{"name":"wp","href":"https:\/\/api.w.org\/{rel}","templated":true}]}}