{"id":14956,"date":"2023-10-26T15:03:21","date_gmt":"2023-10-26T13:03:21","guid":{"rendered":"https:\/\/www.pfarregersthof.at\/komm\/?p=14956"},"modified":"2023-11-11T22:18:32","modified_gmt":"2023-11-11T20:18:32","slug":"pogromgedenken-9-11","status":"publish","type":"post","link":"https:\/\/www.pfarregersthof.at\/komm\/2023\/10\/pogromgedenken-9-11\/","title":{"rendered":"Pogromgedenken (9.11.)"},"content":{"rendered":"\n\n\n<p>Im Rahmen des <strong>Donnerstagtreffs am 9. 11. 2023 um 19 Uhr im Gemeindezentrum<\/strong> (Bastiengasse 18) gedenken wird der Pogrome gegen\u00fcber j\u00fcdischen Menschen und Einrichtungen im Jahr 1938.&nbsp;<br>Als Referentin d\u00fcrfen wir Frau Maga. Tina Walzer begr\u00fc\u00dfen. Sie berichtet auch \u00fcber \u201eJ\u00fcdische Gedenkst\u00e4tten am D\u00f6blinger Friedhof\u201c.<\/p>\n<p>Auf regen Besuch hofft <br>Heinrich Bica<\/p>\n","protected":false},"excerpt":{"rendered":"<p>Im Rahmen des Donnerstagtreffs am 9. 11. 2023 um 19 Uhr im Gemeindezentrum (Bastiengasse 18) gedenken wird der Pogrome gegen\u00fcber j\u00fcdischen Menschen und Einrichtungen im Jahr 1938.&nbsp;Als Referentin d\u00fcrfen wir Frau Maga. Tina Walzer begr\u00fc\u00dfen. Sie berichtet auch \u00fcber \u201eJ\u00fcdische Gedenkst\u00e4tten am D\u00f6blinger Friedhof\u201c. Auf regen Besuch hofft Heinrich Bica<\/p>\n","protected":false},"author":2,"featured_media":0,"comment_status":"closed","ping_status":"closed","sticky":false,"template":"","format":"standard","meta":{"ngg_post_thumbnail":0,"footnotes":""},"categories":[7],"tags":[],"class_list":{"0":"post-14956","1":"post","2":"type-post","3":"status-publish","4":"format-standard","6":"category-archiv"},"publishpress_future_action":{"enabled":false,"date":"2026-05-09 15:23:56","action":"category","newStatus":"draft","terms":[],"taxonomy":"category","extraData":[]},"publishpress_future_workflow_manual_trigger":{"enabledWorkflows":[]},"_links":{"self":[{"href":"https:\/\/www.pfarregersthof.at\/komm\/wp-json\/wp\/v2\/posts\/14956","targetHints":{"allow":["GET"]}}],"collection":[{"href":"https:\/\/www.pfarregersthof.at\/komm\/wp-json\/wp\/v2\/posts"}],"about":[{"href":"https:\/\/www.pfarregersthof.at\/komm\/wp-json\/wp\/v2\/types\/post"}],"author":[{"embeddable":true,"href":"https:\/\/www.pfarregersthof.at\/komm\/wp-json\/wp\/v2\/users\/2"}],"replies":[{"embeddable":true,"href":"https:\/\/www.pfarregersthof.at\/komm\/wp-json\/wp\/v2\/comments?post=14956"}],"version-history":[{"count":1,"href":"https:\/\/www.pfarregersthof.at\/komm\/wp-json\/wp\/v2\/posts\/14956\/revisions"}],"predecessor-version":[{"id":14957,"href":"https:\/\/www.pfarregersthof.at\/komm\/wp-json\/wp\/v2\/posts\/14956\/revisions\/14957"}],"wp:attachment":[{"href":"https:\/\/www.pfarregersthof.at\/komm\/wp-json\/wp\/v2\/media?parent=14956"}],"wp:term":[{"taxonomy":"category","embeddable":true,"href":"https:\/\/www.pfarregersthof.at\/komm\/wp-json\/wp\/v2\/categories?post=14956"},{"taxonomy":"post_tag","embeddable":true,"href":"https:\/\/www.pfarregersthof.at\/komm\/wp-json\/wp\/v2\/tags?post=14956"}],"curies":[{"name":"wp","href":"https:\/\/api.w.org\/{rel}","templated":true}]}}