{"id":14958,"date":"2023-10-26T15:12:19","date_gmt":"2023-10-26T13:12:19","guid":{"rendered":"https:\/\/www.pfarregersthof.at\/komm\/?p=14958"},"modified":"2023-10-26T15:12:20","modified_gmt":"2023-10-26T13:12:20","slug":"liturgiewissenschaftler-zur-synode","status":"publish","type":"post","link":"https:\/\/www.pfarregersthof.at\/komm\/2023\/10\/liturgiewissenschaftler-zur-synode\/","title":{"rendered":"Liturgiewissenschaftler zur Synode"},"content":{"rendered":"\n<p>Das Netzwerk der Liturgiewissenschaftlerinnen und Liturgiewissenschaftler im deutschen Sprachraum haben zur ersten Sitzung der Bischofsynode zum Thema &#8222;F\u00fcr eine synodale Kirche&#8220; im Vatican folgendes Votum abgegeben (Auszug):<\/p>\n<p>Liturgie in der synodalen Kirche<br>\u2022 lebt in den Kulturen der Ortskirchen, ist nahe bei den Menschen und ihren konkreten Lebenssituationen, \u00f6ffnet ihnen Wege mit Gott in Beziehung zu treten und f\u00f6rdert die Vielfalt, ohne Sorge, dass der Kern des Glaubens verloren ginge;<br>\u2022 ist offen f\u00fcr Anpassungen und Ver\u00e4nderungen, ohne dabei aus dem Blick zu verlieren, wie Christgl\u00e4ubige in fr\u00fcheren Zeiten Gott im Feiern begegnet sind;<br>\u2022 ist von dem Bewusstsein gepr\u00e4gt, dass alle Versammelten feiernde Subjekte sind, die Verantwortung f\u00fcr die Feiergestalt tragen;<br>\u2022 nimmt die unterschiedlichen Charismen der Christgl\u00e4ubigen wahr und rechnet damit, dass der Heilige Geist auch jenseits von kirchlichen Strukturen wirkt, wie es der Hl. Benedikt sinngem\u00e4\u00df in seiner Regel formuliert: \u201cweil der Herr oft einem J\u00fcngeren offenbart, was das Bessere ist\u201c(RB 3,3).<\/p>\n<p>Erwin Schinner<br>(PGR Fachausschuss Liturgie)<\/p>\n<p>Das vollst\u00e4ndige Votum <a href=\"http:\/\/liturgiewissenschaft.de\/wp-content\/uploads\/2023\/10\/Votum-Liturgiewissenschaftlerinnen-Bischofssynode.pdf\">ist hier zu finden<\/a>.<\/p>\n","protected":false},"excerpt":{"rendered":"<p>Das Netzwerk der Liturgiewissenschaftlerinnen und Liturgiewissenschaftler im deutschen Sprachraum haben zur ersten Sitzung der Bischofsynode zum Thema &#8222;F\u00fcr eine synodale Kirche&#8220; im Vatican folgendes Votum abgegeben (Auszug): Liturgie in der synodalen Kirche\u2022 lebt in den Kulturen der Ortskirchen, ist nahe bei den Menschen und ihren konkreten Lebenssituationen, \u00f6ffnet ihnen Wege mit Gott in Beziehung zu [&hellip;]<\/p>\n","protected":false},"author":2,"featured_media":0,"comment_status":"closed","ping_status":"closed","sticky":false,"template":"","format":"standard","meta":{"ngg_post_thumbnail":0,"footnotes":""},"categories":[20],"tags":[],"class_list":{"0":"post-14958","1":"post","2":"type-post","3":"status-publish","4":"format-standard","6":"category-uebrigens"},"publishpress_future_action":{"enabled":false,"date":"2026-05-09 13:52:03","action":"category","newStatus":"draft","terms":[],"taxonomy":"category","extraData":[]},"publishpress_future_workflow_manual_trigger":{"enabledWorkflows":[]},"_links":{"self":[{"href":"https:\/\/www.pfarregersthof.at\/komm\/wp-json\/wp\/v2\/posts\/14958","targetHints":{"allow":["GET"]}}],"collection":[{"href":"https:\/\/www.pfarregersthof.at\/komm\/wp-json\/wp\/v2\/posts"}],"about":[{"href":"https:\/\/www.pfarregersthof.at\/komm\/wp-json\/wp\/v2\/types\/post"}],"author":[{"embeddable":true,"href":"https:\/\/www.pfarregersthof.at\/komm\/wp-json\/wp\/v2\/users\/2"}],"replies":[{"embeddable":true,"href":"https:\/\/www.pfarregersthof.at\/komm\/wp-json\/wp\/v2\/comments?post=14958"}],"version-history":[{"count":1,"href":"https:\/\/www.pfarregersthof.at\/komm\/wp-json\/wp\/v2\/posts\/14958\/revisions"}],"predecessor-version":[{"id":14959,"href":"https:\/\/www.pfarregersthof.at\/komm\/wp-json\/wp\/v2\/posts\/14958\/revisions\/14959"}],"wp:attachment":[{"href":"https:\/\/www.pfarregersthof.at\/komm\/wp-json\/wp\/v2\/media?parent=14958"}],"wp:term":[{"taxonomy":"category","embeddable":true,"href":"https:\/\/www.pfarregersthof.at\/komm\/wp-json\/wp\/v2\/categories?post=14958"},{"taxonomy":"post_tag","embeddable":true,"href":"https:\/\/www.pfarregersthof.at\/komm\/wp-json\/wp\/v2\/tags?post=14958"}],"curies":[{"name":"wp","href":"https:\/\/api.w.org\/{rel}","templated":true}]}}