{"id":15296,"date":"2023-12-22T17:06:41","date_gmt":"2023-12-22T15:06:41","guid":{"rendered":"https:\/\/www.pfarregersthof.at\/komm\/?p=15296"},"modified":"2025-02-21T20:29:34","modified_gmt":"2025-02-21T19:29:34","slug":"weihnachten-ist-da-mit-jesus-in-unserer-mitte","status":"publish","type":"post","link":"https:\/\/www.pfarregersthof.at\/komm\/2023\/12\/weihnachten-ist-da-mit-jesus-in-unserer-mitte\/","title":{"rendered":"Weihnachten ist da, mit Jesus in unserer Mitte"},"content":{"rendered":"\n\n\n<p style=\"text-align: center;\"><strong><em>Ein gesegnetes Weihnachtsfest <\/em><\/strong><br><strong><em>und Gottes Segen f\u00fcr ein friedliches Neues Jahr 2024<\/em><\/strong><br>w\u00fcnschen Pfarrer P. Arkadiusz, Pfarrvikar P. Martin, Pfarrvikar P. Paul, Pfarrvikar P. Marek, Kaplan P. Matthias, Pastoralassistent Arthur, Diakon Toni, Diakon Uwe, Alexander Winkler und der gesamte PGR, sowie Sana und Elisabeth.<\/p>\n<p><strong>Vierter Adventsonntag, 23.\/24. Dezember<\/strong><br>* Gottesdienste am Samstag, 18 Uhr, und am Sonntag, 10 Uhr, in der Pfarrkirche<br>* Samstag, 17:00 Uhr, Pfarrkirche: Krippenaufstellfeier<\/p>\n<h2>Heiliger Abend und Weihnachtsfest, 24.\/25. Dezember<\/h2>\n<ul>\n<li>Sonntag, 16 Uhr, Pfarrkirche: Familienkrippenfeier, herzliche Einladung an Kinder und Familien<\/li>\n<li>Sonntag, 18 Uhr, Pfarrkirche: Gottesdienst am Heiligen Abend (Pfr.i.R. Norbert)<\/li>\n<li>Sonntag, 23:30 Uhr, Pfarrkirche: Einstimmung in die Mette<\/li>\n<li>Montag, 0 Uhr \u2013 Mitternacht, Pfarrkirche: Metten-Gottesdienst zur Geburt Jesu (P. Matthias), danach &#8222;Mettenpunsch&#8220; im Vorraum der Kirche.<br>1.Lesung: Jes 52,7-10; 2. Lesung: Hebr 1,1-6; Evangelium: Joh 1,1-18<\/li>\n<li>Montag, 10 Uhr, Pfarrkirche: Weihnachtsgottesdienst (Pfr. P. Arkadiusz). Musikalische Gestaltung Kantorei W\u00e4hring.<\/li>\n<\/ul>\n<h3>Weihnachtszeit<\/h3>\n<p>Dienstag, 26. Dezember, Hochfest des Hl. Stephanus, 10 Uhr, Pfarrkirche: Gottesdienst<br>Samstag, 30. Dezember, 18 Uhr, Pfarrkirche: Gottesdienst<br>Sonntag, 31. Dezember<br>* 10 Uhr, Pfarrkirche: Gottesdienst<br>* 17 Uhr, Pfarrkirche: Jahresschluss Gottesdienst<br>Montag, 1. J\u00e4nner 2024, 10 Uhr, Pfarrkirche: Gottesdienst<br>Freitag, 5. J\u00e4nner, 18 Uhr, Pfarrkirche: Gottesdienst<br>Samstag, 6. J\u00e4nner, 10 Uhr, Pfarrkirche: Gottesdienst<\/p>\n<p><em><strong>Die Veranstaltungsorte<\/strong><\/em><\/p>\n<ul>\n<li>Pfarrkirche: am Bischof-Faber-Platz<\/li>\n<li>Gemeindezentrum der Pfarrgemeinde: Bastiengasse 18<\/li>\n<li>Pensionistenwohnheim an der T\u00fcrkenschanze: am T\u00fcrkenschanzplatz&nbsp;<\/li>\n<\/ul>\n","protected":false},"excerpt":{"rendered":"<p>Ein gesegnetes Weihnachtsfest und Gottes Segen f\u00fcr ein friedliches Neues Jahr 2024w\u00fcnschen Pfarrer P. Arkadiusz, Pfarrvikar P. Martin, Pfarrvikar P. Paul, Pfarrvikar P. Marek, Kaplan P. Matthias, Pastoralassistent Arthur, Diakon Toni, Diakon Uwe, Alexander Winkler und der gesamte PGR, sowie Sana und Elisabeth. Vierter Adventsonntag, 23.\/24. Dezember* Gottesdienste am Samstag, 18 Uhr, und am Sonntag, [&hellip;]<\/p>\n","protected":false},"author":2,"featured_media":15299,"comment_status":"closed","ping_status":"closed","sticky":false,"template":"","format":"standard","meta":{"ngg_post_thumbnail":0,"footnotes":""},"categories":[7],"tags":[],"class_list":{"0":"post-15296","1":"post","2":"type-post","3":"status-publish","4":"format-standard","5":"has-post-thumbnail","7":"category-archiv"},"publishpress_future_action":{"enabled":false,"date":"2026-05-04 13:08:26","action":"category","newStatus":"draft","terms":[],"taxonomy":"category","extraData":[]},"publishpress_future_workflow_manual_trigger":{"enabledWorkflows":[]},"_links":{"self":[{"href":"https:\/\/www.pfarregersthof.at\/komm\/wp-json\/wp\/v2\/posts\/15296","targetHints":{"allow":["GET"]}}],"collection":[{"href":"https:\/\/www.pfarregersthof.at\/komm\/wp-json\/wp\/v2\/posts"}],"about":[{"href":"https:\/\/www.pfarregersthof.at\/komm\/wp-json\/wp\/v2\/types\/post"}],"author":[{"embeddable":true,"href":"https:\/\/www.pfarregersthof.at\/komm\/wp-json\/wp\/v2\/users\/2"}],"replies":[{"embeddable":true,"href":"https:\/\/www.pfarregersthof.at\/komm\/wp-json\/wp\/v2\/comments?post=15296"}],"version-history":[{"count":2,"href":"https:\/\/www.pfarregersthof.at\/komm\/wp-json\/wp\/v2\/posts\/15296\/revisions"}],"predecessor-version":[{"id":15328,"href":"https:\/\/www.pfarregersthof.at\/komm\/wp-json\/wp\/v2\/posts\/15296\/revisions\/15328"}],"wp:featuredmedia":[{"embeddable":true,"href":"https:\/\/www.pfarregersthof.at\/komm\/wp-json\/wp\/v2\/media\/15299"}],"wp:attachment":[{"href":"https:\/\/www.pfarregersthof.at\/komm\/wp-json\/wp\/v2\/media?parent=15296"}],"wp:term":[{"taxonomy":"category","embeddable":true,"href":"https:\/\/www.pfarregersthof.at\/komm\/wp-json\/wp\/v2\/categories?post=15296"},{"taxonomy":"post_tag","embeddable":true,"href":"https:\/\/www.pfarregersthof.at\/komm\/wp-json\/wp\/v2\/tags?post=15296"}],"curies":[{"name":"wp","href":"https:\/\/api.w.org\/{rel}","templated":true}]}}