{"id":15450,"date":"2024-01-10T15:51:26","date_gmt":"2024-01-10T13:51:26","guid":{"rendered":"https:\/\/www.pfarregersthof.at\/komm\/?p=15450"},"modified":"2024-02-02T21:16:52","modified_gmt":"2024-02-02T19:16:52","slug":"60plus-fluegel-und-zauber-18-1","status":"publish","type":"post","link":"https:\/\/www.pfarregersthof.at\/komm\/2024\/01\/60plus-fluegel-und-zauber-18-1\/","title":{"rendered":"60plus: Fl\u00fcgel und Zauber (18.1.)"},"content":{"rendered":"\n\n\n<p>Liebe Freunde von 60plus und nat\u00fcrlich auch J\u00fcngere!<\/p>\n<p>Wir freuen uns, Sie\/euch auch heuer wieder <strong>ins Gemeindezentrum &#8211;<\/strong> Bastiengasse 18, 1180 Wien &#8211; <strong>zu einem \u201ebezaubernden Nachmittag\u201c<\/strong> einladen zu d\u00fcrfen!<\/p>\n<p>Am <strong>18. J\u00e4nner 2024 um 14:30 Uhr<\/strong> begr\u00fc\u00dfen wir Sie\/euch mit einem Gl\u00e4schen Sekt und <strong>ab 15:00 Uhr<\/strong> f\u00fchrt uns <strong>Dr. Martin Oswatitsch<\/strong> unter dem Motto: <strong>\u201eMit dem Fl\u00fcgel bezaubern &#8211; Mit Zauberei befl\u00fcgeln \u00a9\u201c<\/strong> durch den Nachmittag.<\/p>\n<p>Als klassisch ausgebildeter Pianist und aktives Mitglied des magischen Zirkels VMKW pr\u00e4sentiert er sein Klavierkonzert mit illusion\u00e4ren Einlagen als Hybride Kunstform\u00a9. Durch seine Kombination von Wissenschaft, Musik und Zauberei versteht er sein Publikum zu faszinieren und auf h\u00f6chstem Niveau zu unterhalten.<\/p>\n<p>Nach einer kurzen Pause k\u00f6nnen sich alle hautnah von seiner Tischmagie verzaubern lassen. Selbstverst\u00e4ndlich bieten wir auch wieder ein kulinarisches Buffet. <br>Bitte um <strong>Anmeldung <\/strong>im <a href=\"\/komm\/pfarre-von-a-z\/information\/kontakt-aufnehmen\/#pfarrsek\">Pfarrsekretariat<\/a> ( 01&nbsp;479 22 92) oder per e-mail an <a href=\"mailto:wilfried.kissich@gmail.com\">wilfried.kissich@gmail.com<\/a> bis <strong>sp\u00e4testens 17. J\u00e4nner 2024<\/strong> damit wir einen \u00dcberblick haben, wie viele G\u00e4ste wir erwarten d\u00fcrfen.<\/p>\n<p>Auf Ihr\/euer zahlreiches Kommen und einen bezaubernden gemeinsamen Nachmittag freut sich<br><em><span style=\"color: #3366ff;\">Maria Kissich<\/span> und das Caritasteam<\/em><\/p>\n","protected":false},"excerpt":{"rendered":"<p>Liebe Freunde von 60plus und nat\u00fcrlich auch J\u00fcngere! Wir freuen uns, Sie\/euch auch heuer wieder ins Gemeindezentrum &#8211; Bastiengasse 18, 1180 Wien &#8211; zu einem \u201ebezaubernden Nachmittag\u201c einladen zu d\u00fcrfen! Am 18. J\u00e4nner 2024 um 14:30 Uhr begr\u00fc\u00dfen wir Sie\/euch mit einem Gl\u00e4schen Sekt und ab 15:00 Uhr f\u00fchrt uns Dr. Martin Oswatitsch unter dem [&hellip;]<\/p>\n","protected":false},"author":2,"featured_media":0,"comment_status":"closed","ping_status":"closed","sticky":false,"template":"","format":"standard","meta":{"ngg_post_thumbnail":0,"footnotes":""},"categories":[7],"tags":[],"class_list":{"0":"post-15450","1":"post","2":"type-post","3":"status-publish","4":"format-standard","6":"category-archiv"},"publishpress_future_action":{"enabled":false,"date":"2026-05-09 15:23:57","action":"category","newStatus":"draft","terms":[],"taxonomy":"category","extraData":[]},"publishpress_future_workflow_manual_trigger":{"enabledWorkflows":[]},"_links":{"self":[{"href":"https:\/\/www.pfarregersthof.at\/komm\/wp-json\/wp\/v2\/posts\/15450","targetHints":{"allow":["GET"]}}],"collection":[{"href":"https:\/\/www.pfarregersthof.at\/komm\/wp-json\/wp\/v2\/posts"}],"about":[{"href":"https:\/\/www.pfarregersthof.at\/komm\/wp-json\/wp\/v2\/types\/post"}],"author":[{"embeddable":true,"href":"https:\/\/www.pfarregersthof.at\/komm\/wp-json\/wp\/v2\/users\/2"}],"replies":[{"embeddable":true,"href":"https:\/\/www.pfarregersthof.at\/komm\/wp-json\/wp\/v2\/comments?post=15450"}],"version-history":[{"count":2,"href":"https:\/\/www.pfarregersthof.at\/komm\/wp-json\/wp\/v2\/posts\/15450\/revisions"}],"predecessor-version":[{"id":15452,"href":"https:\/\/www.pfarregersthof.at\/komm\/wp-json\/wp\/v2\/posts\/15450\/revisions\/15452"}],"wp:attachment":[{"href":"https:\/\/www.pfarregersthof.at\/komm\/wp-json\/wp\/v2\/media?parent=15450"}],"wp:term":[{"taxonomy":"category","embeddable":true,"href":"https:\/\/www.pfarregersthof.at\/komm\/wp-json\/wp\/v2\/categories?post=15450"},{"taxonomy":"post_tag","embeddable":true,"href":"https:\/\/www.pfarregersthof.at\/komm\/wp-json\/wp\/v2\/tags?post=15450"}],"curies":[{"name":"wp","href":"https:\/\/api.w.org\/{rel}","templated":true}]}}