{"id":15698,"date":"2024-03-18T11:00:28","date_gmt":"2024-03-18T09:00:28","guid":{"rendered":"https:\/\/www.pfarregersthof.at\/komm\/?p=15698"},"modified":"2024-03-18T11:32:13","modified_gmt":"2024-03-18T09:32:13","slug":"kreuzweg-im-gedenken-an-kaplan-maier-22-3","status":"publish","type":"post","link":"https:\/\/www.pfarregersthof.at\/komm\/2024\/03\/kreuzweg-im-gedenken-an-kaplan-maier-22-3\/","title":{"rendered":"Kreuzweg im Gedenken an Kaplan Maier (22.3.)"},"content":{"rendered":"\n<p>Am <strong>Freitag, 22. M\u00e4rz 2024, um 18:00 Uhr<\/strong> gehen wir in unserer Pfarrkirche den Kreuzweg im Gedenken an unseren ehemaligen <strong>Kaplan DDr. Heinrich Maier. <\/strong>Er wurde in der Sakristei unserer Pfarrkirche verhaftet und schlie\u00dflich am 22. M\u00e4rz 1945 vom nationalsozialistischen Terrorregime aufgrund seiner \u00dcberzeugung hingerichtet.<\/p>\n<p>Er starb mit den Worten: <strong>Es lebe Christus der K\u00f6nig, es lebe \u00d6sterreich!<\/strong><\/p>\n<p><em>Diakon Toni<\/em><\/p>\n","protected":false},"excerpt":{"rendered":"<p>Am Freitag, 22. M\u00e4rz 2024, um 18:00 Uhr gehen wir in unserer Pfarrkirche den Kreuzweg im Gedenken an unseren ehemaligen Kaplan DDr. Heinrich Maier. Er wurde in der Sakristei unserer Pfarrkirche verhaftet und schlie\u00dflich am 22. M\u00e4rz 1945 vom nationalsozialistischen Terrorregime aufgrund seiner \u00dcberzeugung hingerichtet. Er starb mit den Worten: Es lebe Christus der K\u00f6nig, [&hellip;]<\/p>\n","protected":false},"author":2,"featured_media":0,"comment_status":"closed","ping_status":"closed","sticky":false,"template":"","format":"standard","meta":{"ngg_post_thumbnail":0,"footnotes":""},"categories":[7],"tags":[],"class_list":{"0":"post-15698","1":"post","2":"type-post","3":"status-publish","4":"format-standard","6":"category-archiv"},"publishpress_future_action":{"enabled":false,"date":"2026-05-05 14:49:55","action":"category","newStatus":"draft","terms":[],"taxonomy":"category","extraData":[]},"publishpress_future_workflow_manual_trigger":{"enabledWorkflows":[]},"_links":{"self":[{"href":"https:\/\/www.pfarregersthof.at\/komm\/wp-json\/wp\/v2\/posts\/15698","targetHints":{"allow":["GET"]}}],"collection":[{"href":"https:\/\/www.pfarregersthof.at\/komm\/wp-json\/wp\/v2\/posts"}],"about":[{"href":"https:\/\/www.pfarregersthof.at\/komm\/wp-json\/wp\/v2\/types\/post"}],"author":[{"embeddable":true,"href":"https:\/\/www.pfarregersthof.at\/komm\/wp-json\/wp\/v2\/users\/2"}],"replies":[{"embeddable":true,"href":"https:\/\/www.pfarregersthof.at\/komm\/wp-json\/wp\/v2\/comments?post=15698"}],"version-history":[{"count":2,"href":"https:\/\/www.pfarregersthof.at\/komm\/wp-json\/wp\/v2\/posts\/15698\/revisions"}],"predecessor-version":[{"id":15712,"href":"https:\/\/www.pfarregersthof.at\/komm\/wp-json\/wp\/v2\/posts\/15698\/revisions\/15712"}],"wp:attachment":[{"href":"https:\/\/www.pfarregersthof.at\/komm\/wp-json\/wp\/v2\/media?parent=15698"}],"wp:term":[{"taxonomy":"category","embeddable":true,"href":"https:\/\/www.pfarregersthof.at\/komm\/wp-json\/wp\/v2\/categories?post=15698"},{"taxonomy":"post_tag","embeddable":true,"href":"https:\/\/www.pfarregersthof.at\/komm\/wp-json\/wp\/v2\/tags?post=15698"}],"curies":[{"name":"wp","href":"https:\/\/api.w.org\/{rel}","templated":true}]}}