{"id":15705,"date":"2024-03-18T11:18:12","date_gmt":"2024-03-18T09:18:12","guid":{"rendered":"https:\/\/www.pfarregersthof.at\/komm\/?p=15705"},"modified":"2024-04-05T14:35:48","modified_gmt":"2024-04-05T12:35:48","slug":"osterkerzen-2024","status":"publish","type":"post","link":"https:\/\/www.pfarregersthof.at\/komm\/2024\/03\/osterkerzen-2024\/","title":{"rendered":"Osterkerzen 2024"},"content":{"rendered":"\n\n\n<p>Herzlichen Dank den 19 Frauen, M\u00e4nnern, Jugendlichen und Kindern, die \u00fcber 200 Osterkerzen mit einem Motiv f\u00fcr dieses Jahr verziert haben! Jede ist ein handgefertigtes Einzelst\u00fcck und wir freuen uns, wenn mit diesen kleinen Osterkerzen Licht zu vielen Menschen kommen kann.<\/p>\n<p><a href=\"https:\/\/www.pfarregersthof.at\/komm\/wp-content\/uploads\/2024\/03\/osterkerzen2024_1.jpg\"><img loading=\"lazy\" decoding=\"async\" class=\"aligncenter size-large wp-image-15706\" src=\"https:\/\/www.pfarregersthof.at\/komm\/wp-content\/uploads\/2024\/03\/osterkerzen2024_1-800x229.jpg\" alt=\"\" width=\"696\" height=\"199\" srcset=\"https:\/\/www.pfarregersthof.at\/komm\/wp-content\/uploads\/2024\/03\/osterkerzen2024_1-800x229.jpg 800w, https:\/\/www.pfarregersthof.at\/komm\/wp-content\/uploads\/2024\/03\/osterkerzen2024_1-696x199.jpg 696w, https:\/\/www.pfarregersthof.at\/komm\/wp-content\/uploads\/2024\/03\/osterkerzen2024_1-1068x306.jpg 1068w, https:\/\/www.pfarregersthof.at\/komm\/wp-content\/uploads\/2024\/03\/osterkerzen2024_1-150x43.jpg 150w, https:\/\/www.pfarregersthof.at\/komm\/wp-content\/uploads\/2024\/03\/osterkerzen2024_1-300x86.jpg 300w, https:\/\/www.pfarregersthof.at\/komm\/wp-content\/uploads\/2024\/03\/osterkerzen2024_1-768x220.jpg 768w, https:\/\/www.pfarregersthof.at\/komm\/wp-content\/uploads\/2024\/03\/osterkerzen2024_1.jpg 1362w\" sizes=\"auto, (max-width: 696px) 100vw, 696px\" \/><\/a><\/p>\n<p>Ab sofort k\u00f6nnen Sie im Pfarrsekretariat (Mo &#8211; Fr:&nbsp; 9 &#8211; 12, Do: 17 &#8211; 19 Uhr, Bischof-Faber-Platz 7) solche Kerzen erhalten.<\/p>\n<p>F\u00fcr Kinderhilfsprojekte in Nepal erbitten wir Spenden von 12\u20ac f\u00fcr die h\u00f6heren und 10\u20ac f\u00fcr die niedrigeren Kerzen.<\/p>\n<p>Am Palmsonntag vor und nach dem Gemeindegottesdienst am Vormittag, sowie vor und nach den Feiern in der Karwoche und vor und nach den Osternachtfeiern werden die Kerzen auch im Kirchenvorraum angeboten.<\/p>\n<p>Bei gr\u00f6\u00dferer Abnahme stellen wir auch gerne Best\u00e4tigungen (Spendeng\u00fctesiegel) aus.<\/p>\n<p>In diesem Sinne leuchtende Ostern w\u00fcnschen<br><span style=\"color: #3366ff;\"><em>Anna, Christina, Flo und Moni<\/em><\/span><\/p>\n","protected":false},"excerpt":{"rendered":"<p>Herzlichen Dank den 19 Frauen, M\u00e4nnern, Jugendlichen und Kindern, die \u00fcber 200 Osterkerzen mit einem Motiv f\u00fcr dieses Jahr verziert haben! Jede ist ein handgefertigtes Einzelst\u00fcck und wir freuen uns, wenn mit diesen kleinen Osterkerzen Licht zu vielen Menschen kommen kann. Ab sofort k\u00f6nnen Sie im Pfarrsekretariat (Mo &#8211; Fr:&nbsp; 9 &#8211; 12, Do: 17 [&hellip;]<\/p>\n","protected":false},"author":2,"featured_media":0,"comment_status":"closed","ping_status":"closed","sticky":false,"template":"","format":"standard","meta":{"ngg_post_thumbnail":0,"footnotes":""},"categories":[7],"tags":[],"class_list":{"0":"post-15705","1":"post","2":"type-post","3":"status-publish","4":"format-standard","6":"category-archiv"},"publishpress_future_action":{"enabled":false,"date":"2026-05-04 11:11:46","action":"category","newStatus":"draft","terms":[],"taxonomy":"category","extraData":[]},"publishpress_future_workflow_manual_trigger":{"enabledWorkflows":[]},"_links":{"self":[{"href":"https:\/\/www.pfarregersthof.at\/komm\/wp-json\/wp\/v2\/posts\/15705","targetHints":{"allow":["GET"]}}],"collection":[{"href":"https:\/\/www.pfarregersthof.at\/komm\/wp-json\/wp\/v2\/posts"}],"about":[{"href":"https:\/\/www.pfarregersthof.at\/komm\/wp-json\/wp\/v2\/types\/post"}],"author":[{"embeddable":true,"href":"https:\/\/www.pfarregersthof.at\/komm\/wp-json\/wp\/v2\/users\/2"}],"replies":[{"embeddable":true,"href":"https:\/\/www.pfarregersthof.at\/komm\/wp-json\/wp\/v2\/comments?post=15705"}],"version-history":[{"count":1,"href":"https:\/\/www.pfarregersthof.at\/komm\/wp-json\/wp\/v2\/posts\/15705\/revisions"}],"predecessor-version":[{"id":15707,"href":"https:\/\/www.pfarregersthof.at\/komm\/wp-json\/wp\/v2\/posts\/15705\/revisions\/15707"}],"wp:attachment":[{"href":"https:\/\/www.pfarregersthof.at\/komm\/wp-json\/wp\/v2\/media?parent=15705"}],"wp:term":[{"taxonomy":"category","embeddable":true,"href":"https:\/\/www.pfarregersthof.at\/komm\/wp-json\/wp\/v2\/categories?post=15705"},{"taxonomy":"post_tag","embeddable":true,"href":"https:\/\/www.pfarregersthof.at\/komm\/wp-json\/wp\/v2\/tags?post=15705"}],"curies":[{"name":"wp","href":"https:\/\/api.w.org\/{rel}","templated":true}]}}