{"id":15708,"date":"2024-03-18T11:22:06","date_gmt":"2024-03-18T09:22:06","guid":{"rendered":"https:\/\/www.pfarregersthof.at\/komm\/?p=15708"},"modified":"2024-03-23T17:32:06","modified_gmt":"2024-03-23T15:32:06","slug":"teppiche-haben-ihre-lebenszeit","status":"publish","type":"post","link":"https:\/\/www.pfarregersthof.at\/komm\/2024\/03\/teppiche-haben-ihre-lebenszeit\/","title":{"rendered":"Teppiche haben ihre Lebenszeit &#8230;"},"content":{"rendered":"\n<p><a href=\"https:\/\/www.pfarregersthof.at\/komm\/wp-content\/uploads\/2024\/03\/mwsat-20240317-IMG_1994.jpg\"><img loading=\"lazy\" decoding=\"async\" class=\"alignright size-medium wp-image-15709\" src=\"https:\/\/www.pfarregersthof.at\/komm\/wp-content\/uploads\/2024\/03\/mwsat-20240317-IMG_1994-225x300.jpg\" alt=\"\" width=\"225\" height=\"300\" srcset=\"https:\/\/www.pfarregersthof.at\/komm\/wp-content\/uploads\/2024\/03\/mwsat-20240317-IMG_1994-225x300.jpg 225w, https:\/\/www.pfarregersthof.at\/komm\/wp-content\/uploads\/2024\/03\/mwsat-20240317-IMG_1994-696x928.jpg 696w, https:\/\/www.pfarregersthof.at\/komm\/wp-content\/uploads\/2024\/03\/mwsat-20240317-IMG_1994-113x150.jpg 113w, https:\/\/www.pfarregersthof.at\/komm\/wp-content\/uploads\/2024\/03\/mwsat-20240317-IMG_1994-768x1024.jpg 768w, https:\/\/www.pfarregersthof.at\/komm\/wp-content\/uploads\/2024\/03\/mwsat-20240317-IMG_1994-600x800.jpg 600w, https:\/\/www.pfarregersthof.at\/komm\/wp-content\/uploads\/2024\/03\/mwsat-20240317-IMG_1994.jpg 1000w\" sizes=\"auto, (max-width: 225px) 100vw, 225px\" \/><\/a>&#8230; so auch die Teppiche in unserer Pfarrkirche. Besonders jener im Mittelgang. Dieser ist an mehreren Stellen bereits br\u00fcchig. Auch stellen sich die R\u00e4nder im Bereich vor dem Altar auf und bilden eine Stolperfalle. Als erste Ma\u00dfnahme m\u00fcssen nun, in Absprache mit dem Pfarrgemeinderat (PGR), diese Teppichteile entfernt werden.<\/p>\n<p><em><span style=\"color: #3366ff;\">Erwin Schinner<\/span> <br>(PGR Fachausschuss Liturgie)<\/em><\/p>\n","protected":false},"excerpt":{"rendered":"<p>&#8230; so auch die Teppiche in unserer Pfarrkirche. Besonders jener im Mittelgang. Dieser ist an mehreren Stellen bereits br\u00fcchig. Auch stellen sich die R\u00e4nder im Bereich vor dem Altar auf und bilden eine Stolperfalle. Als erste Ma\u00dfnahme m\u00fcssen nun, in Absprache mit dem Pfarrgemeinderat (PGR), diese Teppichteile entfernt werden. Erwin Schinner (PGR Fachausschuss Liturgie)<\/p>\n","protected":false},"author":2,"featured_media":0,"comment_status":"closed","ping_status":"closed","sticky":false,"template":"","format":"standard","meta":{"ngg_post_thumbnail":0,"footnotes":""},"categories":[20],"tags":[],"class_list":{"0":"post-15708","1":"post","2":"type-post","3":"status-publish","4":"format-standard","6":"category-uebrigens"},"publishpress_future_action":{"enabled":false,"date":"2026-05-09 13:52:13","action":"category","newStatus":"draft","terms":[],"taxonomy":"category","extraData":[]},"publishpress_future_workflow_manual_trigger":{"enabledWorkflows":[]},"_links":{"self":[{"href":"https:\/\/www.pfarregersthof.at\/komm\/wp-json\/wp\/v2\/posts\/15708","targetHints":{"allow":["GET"]}}],"collection":[{"href":"https:\/\/www.pfarregersthof.at\/komm\/wp-json\/wp\/v2\/posts"}],"about":[{"href":"https:\/\/www.pfarregersthof.at\/komm\/wp-json\/wp\/v2\/types\/post"}],"author":[{"embeddable":true,"href":"https:\/\/www.pfarregersthof.at\/komm\/wp-json\/wp\/v2\/users\/2"}],"replies":[{"embeddable":true,"href":"https:\/\/www.pfarregersthof.at\/komm\/wp-json\/wp\/v2\/comments?post=15708"}],"version-history":[{"count":1,"href":"https:\/\/www.pfarregersthof.at\/komm\/wp-json\/wp\/v2\/posts\/15708\/revisions"}],"predecessor-version":[{"id":15710,"href":"https:\/\/www.pfarregersthof.at\/komm\/wp-json\/wp\/v2\/posts\/15708\/revisions\/15710"}],"wp:attachment":[{"href":"https:\/\/www.pfarregersthof.at\/komm\/wp-json\/wp\/v2\/media?parent=15708"}],"wp:term":[{"taxonomy":"category","embeddable":true,"href":"https:\/\/www.pfarregersthof.at\/komm\/wp-json\/wp\/v2\/categories?post=15708"},{"taxonomy":"post_tag","embeddable":true,"href":"https:\/\/www.pfarregersthof.at\/komm\/wp-json\/wp\/v2\/tags?post=15708"}],"curies":[{"name":"wp","href":"https:\/\/api.w.org\/{rel}","templated":true}]}}