{"id":1675,"date":"2013-05-05T18:14:39","date_gmt":"2013-05-05T16:14:39","guid":{"rendered":"http:\/\/www.pfarregersthof.at\/komm\/?p=1675"},"modified":"2013-05-05T18:14:39","modified_gmt":"2013-05-05T16:14:39","slug":"mehr-als-50-kinder-feierten-kommunionfest","status":"publish","type":"post","link":"https:\/\/www.pfarregersthof.at\/komm\/2013\/05\/mehr-als-50-kinder-feierten-kommunionfest\/","title":{"rendered":"Mehr als 50 Kinder feierten Kommunionfest"},"content":{"rendered":"<p>Mehr als 50 Kinder haben am 4. und am 5. Mai in unserer Pfarre das Fest ihres ersten Kommunionempfangs gefeiert. &#8222;Kommt, wir finden einen Schatz&#8220; war der Leitfaden der Vorbereitung auf dieses Fest, die im vergangenen September begonnen hatte. Vor allem in Projekt-Samstagen hat das Vorbereitungsteam unter Leitung von Pastoralassistentin Gerda Winner mit den Kindern an einem ihren Alter gem\u00e4\u00dfen Zugang zur Kommunion als &#8222;Brot des Lebens&#8220;, Gemeinschaft mit Jesus, aber auch Umkehr und Vers\u00f6hnung gearbeitet.<\/p>\n<p>Hier einige Fotos von der lebendigen Messe am 4.5.:<\/p>\n<p><img loading=\"lazy\" decoding=\"async\" class=\"alignnone size-large wp-image-1677\" alt=\"Erstkommunionfest in der Pfarre Gersthof-St.Leopold, Wien 18, am 4.5.2013\" src=\"https:\/\/www.pfarregersthof.at\/komm\/wp-content\/uploads\/2013\/05\/20130504-IMG_8260-800x533.jpg\" width=\"800\" height=\"533\" \/><\/p>\n<p><img loading=\"lazy\" decoding=\"async\" class=\"alignnone size-large wp-image-1680\" alt=\"Erstkommunionfest in der Pfarre Gersthof-St.Leopold, Wien 18, am 4.5.2013\" src=\"https:\/\/www.pfarregersthof.at\/komm\/wp-content\/uploads\/2013\/05\/20130504-IMG_8227-800x533.jpg\" width=\"800\" height=\"533\" \/><\/p>\n<p><img loading=\"lazy\" decoding=\"async\" class=\"alignnone size-large wp-image-1679\" alt=\"Erstkommunionfest in der Pfarre Gersthof-St.Leopold, Wien 18, am 4.5.2013\" src=\"https:\/\/www.pfarregersthof.at\/komm\/wp-content\/uploads\/2013\/05\/20130504-IMG_8239-800x533.jpg\" width=\"800\" height=\"533\" \/><\/p>\n<p><img loading=\"lazy\" decoding=\"async\" class=\"alignnone size-large wp-image-1678\" alt=\"Erstkommunionfest in der Pfarre Gersthof-St.Leopold, Wien 18, am 4.5.2013\" src=\"https:\/\/www.pfarregersthof.at\/komm\/wp-content\/uploads\/2013\/05\/20130504-IMG_8243-800x533.jpg\" width=\"800\" height=\"533\" \/><\/p>\n<p><img loading=\"lazy\" decoding=\"async\" class=\"alignnone size-large wp-image-1676\" alt=\"Erstkommunionfest in der Pfarre Gersthof-St.Leopold, Wien 18, am 4.5.2013\" src=\"https:\/\/www.pfarregersthof.at\/komm\/wp-content\/uploads\/2013\/05\/20130504-IMG_8256-533x800.jpg\" width=\"533\" height=\"800\" srcset=\"https:\/\/www.pfarregersthof.at\/komm\/wp-content\/uploads\/2013\/05\/20130504-IMG_8256-533x800.jpg 533w, https:\/\/www.pfarregersthof.at\/komm\/wp-content\/uploads\/2013\/05\/20130504-IMG_8256-100x150.jpg 100w, https:\/\/www.pfarregersthof.at\/komm\/wp-content\/uploads\/2013\/05\/20130504-IMG_8256-200x300.jpg 200w, https:\/\/www.pfarregersthof.at\/komm\/wp-content\/uploads\/2013\/05\/20130504-IMG_8256-768x1152.jpg 768w, https:\/\/www.pfarregersthof.at\/komm\/wp-content\/uploads\/2013\/05\/20130504-IMG_8256.jpg 1000w\" sizes=\"auto, (max-width: 533px) 100vw, 533px\" \/><\/p>\n<p>Alle Fotos: Michael Steidl<\/p>\n","protected":false},"excerpt":{"rendered":"<p>Mehr als 50 Kinder haben am 4. und am 5. Mai in unserer Pfarre das Fest ihres ersten Kommunionempfangs gefeiert. &#8222;Kommt, wir finden einen Schatz&#8220; war der Leitfaden der Vorbereitung auf dieses Fest, die im vergangenen September begonnen hatte. Vor allem in Projekt-Samstagen hat das Vorbereitungsteam unter Leitung von Pastoralassistentin Gerda Winner mit den Kindern [&hellip;]<\/p>\n","protected":false},"author":2,"featured_media":1678,"comment_status":"open","ping_status":"open","sticky":false,"template":"","format":"standard","meta":{"ngg_post_thumbnail":0,"footnotes":""},"categories":[5,14],"tags":[87,27],"class_list":{"0":"post-1675","1":"post","2":"type-post","3":"status-publish","4":"format-standard","5":"has-post-thumbnail","7":"category-was-gewesen-ist","8":"category-zuletzt","9":"tag-erstkommunion","10":"tag-kinder"},"publishpress_future_action":{"enabled":false,"date":"2026-05-09 10:14:33","action":"category","newStatus":"draft","terms":[],"taxonomy":"category","extraData":[]},"publishpress_future_workflow_manual_trigger":{"enabledWorkflows":[]},"_links":{"self":[{"href":"https:\/\/www.pfarregersthof.at\/komm\/wp-json\/wp\/v2\/posts\/1675","targetHints":{"allow":["GET"]}}],"collection":[{"href":"https:\/\/www.pfarregersthof.at\/komm\/wp-json\/wp\/v2\/posts"}],"about":[{"href":"https:\/\/www.pfarregersthof.at\/komm\/wp-json\/wp\/v2\/types\/post"}],"author":[{"embeddable":true,"href":"https:\/\/www.pfarregersthof.at\/komm\/wp-json\/wp\/v2\/users\/2"}],"replies":[{"embeddable":true,"href":"https:\/\/www.pfarregersthof.at\/komm\/wp-json\/wp\/v2\/comments?post=1675"}],"version-history":[{"count":2,"href":"https:\/\/www.pfarregersthof.at\/komm\/wp-json\/wp\/v2\/posts\/1675\/revisions"}],"predecessor-version":[{"id":1682,"href":"https:\/\/www.pfarregersthof.at\/komm\/wp-json\/wp\/v2\/posts\/1675\/revisions\/1682"}],"wp:featuredmedia":[{"embeddable":true,"href":"https:\/\/www.pfarregersthof.at\/komm\/wp-json\/wp\/v2\/media\/1678"}],"wp:attachment":[{"href":"https:\/\/www.pfarregersthof.at\/komm\/wp-json\/wp\/v2\/media?parent=1675"}],"wp:term":[{"taxonomy":"category","embeddable":true,"href":"https:\/\/www.pfarregersthof.at\/komm\/wp-json\/wp\/v2\/categories?post=1675"},{"taxonomy":"post_tag","embeddable":true,"href":"https:\/\/www.pfarregersthof.at\/komm\/wp-json\/wp\/v2\/tags?post=1675"}],"curies":[{"name":"wp","href":"https:\/\/api.w.org\/{rel}","templated":true}]}}