{"id":17089,"date":"2024-09-25T12:22:31","date_gmt":"2024-09-25T10:22:31","guid":{"rendered":"https:\/\/www.pfarregersthof.at\/komm\/?p=17089"},"modified":"2024-10-08T20:46:45","modified_gmt":"2024-10-08T18:46:45","slug":"erntedank-am-6-10-10-uhr","status":"publish","type":"post","link":"https:\/\/www.pfarregersthof.at\/komm\/2024\/09\/erntedank-am-6-10-10-uhr\/","title":{"rendered":"Erntedank am 6.10. 10 Uhr (aktualisiert)"},"content":{"rendered":"\n\n\n<p>Das Hochwasser in Nieder\u00f6sterreich in den letzten Tagen hat uns deutlich gezeigt, dass es f\u00fcr die Fr\u00fcchte der Erde keine Garantie gibt, die k\u00f6nnen auch davonschwimmen &#8230;<\/p>\n<p>Daher feiern wir als Gemeinde Dank und Bitte f\u00fcr die Fr\u00fcchte der Erde, die Sonne des Lebens und ein gutes Zusammensein mit anderen Menschen einen Gottesdienst am <strong>Sonntag, 6. Oktober, um 10 Uhr in der Pfarrkirche am Bischof-Faber-Platz<\/strong>.<\/p>\n<p><strong>Wir bitten Sie,<\/strong> haltbare Lebensmittel (wie S\u00fc\u00dfigkeiten ohne Alkohol, Dicksaft, Reis, Teigwaren, Zucker, Konserven vegetarisch, Pesto Cornflakes\/M\u00fcsli) mitzubringen.<br>Diese werden wir auf den Stufen des Altares sammeln und dann an \u201ea_way\u201c \u2013 das ist die Notschlafstelle der Caritas f\u00fcr Jugendliche \u2013 weitergeben.<\/p>\n<p>Herzliche Einladung an alle und Danke im Voraus!<\/p>\n","protected":false},"excerpt":{"rendered":"<p>Das Hochwasser in Nieder\u00f6sterreich in den letzten Tagen hat uns deutlich gezeigt, dass es f\u00fcr die Fr\u00fcchte der Erde keine Garantie gibt, die k\u00f6nnen auch davonschwimmen &#8230; Daher feiern wir als Gemeinde Dank und Bitte f\u00fcr die Fr\u00fcchte der Erde, die Sonne des Lebens und ein gutes Zusammensein mit anderen Menschen einen Gottesdienst am Sonntag, [&hellip;]<\/p>\n","protected":false},"author":2,"featured_media":17090,"comment_status":"closed","ping_status":"closed","sticky":false,"template":"","format":"standard","meta":{"ngg_post_thumbnail":0,"footnotes":""},"categories":[7],"tags":[],"class_list":{"0":"post-17089","1":"post","2":"type-post","3":"status-publish","4":"format-standard","5":"has-post-thumbnail","7":"category-archiv"},"publishpress_future_action":{"enabled":false,"date":"2026-05-09 15:23:06","action":"category","newStatus":"draft","terms":[],"taxonomy":"category","extraData":[]},"publishpress_future_workflow_manual_trigger":{"enabledWorkflows":[]},"_links":{"self":[{"href":"https:\/\/www.pfarregersthof.at\/komm\/wp-json\/wp\/v2\/posts\/17089","targetHints":{"allow":["GET"]}}],"collection":[{"href":"https:\/\/www.pfarregersthof.at\/komm\/wp-json\/wp\/v2\/posts"}],"about":[{"href":"https:\/\/www.pfarregersthof.at\/komm\/wp-json\/wp\/v2\/types\/post"}],"author":[{"embeddable":true,"href":"https:\/\/www.pfarregersthof.at\/komm\/wp-json\/wp\/v2\/users\/2"}],"replies":[{"embeddable":true,"href":"https:\/\/www.pfarregersthof.at\/komm\/wp-json\/wp\/v2\/comments?post=17089"}],"version-history":[{"count":2,"href":"https:\/\/www.pfarregersthof.at\/komm\/wp-json\/wp\/v2\/posts\/17089\/revisions"}],"predecessor-version":[{"id":17114,"href":"https:\/\/www.pfarregersthof.at\/komm\/wp-json\/wp\/v2\/posts\/17089\/revisions\/17114"}],"wp:featuredmedia":[{"embeddable":true,"href":"https:\/\/www.pfarregersthof.at\/komm\/wp-json\/wp\/v2\/media\/17090"}],"wp:attachment":[{"href":"https:\/\/www.pfarregersthof.at\/komm\/wp-json\/wp\/v2\/media?parent=17089"}],"wp:term":[{"taxonomy":"category","embeddable":true,"href":"https:\/\/www.pfarregersthof.at\/komm\/wp-json\/wp\/v2\/categories?post=17089"},{"taxonomy":"post_tag","embeddable":true,"href":"https:\/\/www.pfarregersthof.at\/komm\/wp-json\/wp\/v2\/tags?post=17089"}],"curies":[{"name":"wp","href":"https:\/\/api.w.org\/{rel}","templated":true}]}}