{"id":17126,"date":"2024-10-01T11:38:46","date_gmt":"2024-10-01T09:38:46","guid":{"rendered":"https:\/\/www.pfarregersthof.at\/komm\/?p=17126"},"modified":"2024-10-11T12:22:26","modified_gmt":"2024-10-11T10:22:26","slug":"60plus-besuch-der-fuchs-villa-17-10","status":"publish","type":"post","link":"https:\/\/www.pfarregersthof.at\/komm\/2024\/10\/60plus-besuch-der-fuchs-villa-17-10\/","title":{"rendered":"60plus: Besuch der &#8222;Fuchs Villa&#8220; (17.10.) [ge\u00e4ndert]"},"content":{"rendered":"\n<p>Liebe Freunde von 60plus und nat\u00fcrlich auch J\u00fcngere! <br>Am Donnerstag, <strong>17. Oktober 2024,<\/strong> besuchen wir \u2013 inklusive F\u00fchrung&nbsp; &#8211; das <strong><a href=\"https:\/\/ernstfuchsmuseum.at\/\" target=\"_blank\" rel=\"noopener\">Ernst Fuchs Museum<\/a>, die sogenannte \u201eFuchs Villa\u201c im 14. Bezirk.<\/strong><\/p>\n<p>Die von Otto Wagner gestaltete Villa ist ein wertvolles Architekturdenkmal, welches lange vom Verfall bedroht war und schlie\u00dflich sogar demoliert werden sollte. Dass jenes nicht eintrat, verdankt die Villa ihrem langj\u00e4hrigen Besitzer, dem \u201cHeros Eponymos\u201d, dem Zeichner, Maler, Bildhauer und Architekten Ernst Fuchs.<\/p>\n<p><strong>Treffpunkt: H\u00fcttelbergstra\u00dfe 26, 1140 Wien um 10:15 Uhr (ge\u00e4ndert!!)<\/strong>, Beginn der F\u00fchrung um 10:30 Uhr. &nbsp;<br>Bitte um baldige Anmeldung im <a href=\"\/komm\/pfarre-von-a-z\/information\/kontakt-aufnehmen\/#pfarrsek\" target=\"_blank\" rel=\"noopener\">Pfarrsekretariat<\/a> &#8211; auch per Telefon oder E-Mail.<br>Tipps zur Anreise: mit der S45 nach H\u00fctteldorf, von dort mit den Bussen 52A oder 43B oder 52B bis zur Station Wolfersbergbr\u00fccke. Dort ein kleines St\u00fcck zur Villa zur\u00fcckgehen.<\/p>\n<p>Nach dem nun vormitt\u00e4glichen Besuch der Fuchs Villa wird es ein gemeinsames Mittagessen in der Pizzeria &#8222;Amici&#8220; in der Gersthoferstra\u00dfe geben.<\/p>\n<p>Das 60plus-Programm bis Sommer 2025 kann schon <a href=\"\/komm\/pfarre-von-a-z\/angebote\/60plus-fuer-senioren-und-andere-interessenten\/\">angesehen werden &gt;&gt;&gt;<\/a><\/p>\n<p>Auf einen informativen Vormittag freut sich<strong>&nbsp;<br><\/strong><span style=\"color: #3366ff;\"><em>Mar<\/em><\/span><em><span style=\"color: #3366ff;\">ia Kissich<\/span> und das Team der Pfarrcaritas<\/em><\/p>\n","protected":false},"excerpt":{"rendered":"<p>Liebe Freunde von 60plus und nat\u00fcrlich auch J\u00fcngere! Am Donnerstag, 17. Oktober 2024, besuchen wir \u2013 inklusive F\u00fchrung&nbsp; &#8211; das Ernst Fuchs Museum, die sogenannte \u201eFuchs Villa\u201c im 14. Bezirk. Die von Otto Wagner gestaltete Villa ist ein wertvolles Architekturdenkmal, welches lange vom Verfall bedroht war und schlie\u00dflich sogar demoliert werden sollte. Dass jenes nicht [&hellip;]<\/p>\n","protected":false},"author":2,"featured_media":0,"comment_status":"closed","ping_status":"closed","sticky":false,"template":"","format":"standard","meta":{"ngg_post_thumbnail":0,"footnotes":""},"categories":[7],"tags":[],"class_list":{"0":"post-17126","1":"post","2":"type-post","3":"status-publish","4":"format-standard","6":"category-archiv"},"publishpress_future_action":{"enabled":false,"date":"2026-05-09 06:41:37","action":"category","newStatus":"draft","terms":[],"taxonomy":"category","extraData":[]},"publishpress_future_workflow_manual_trigger":{"enabledWorkflows":[]},"_links":{"self":[{"href":"https:\/\/www.pfarregersthof.at\/komm\/wp-json\/wp\/v2\/posts\/17126","targetHints":{"allow":["GET"]}}],"collection":[{"href":"https:\/\/www.pfarregersthof.at\/komm\/wp-json\/wp\/v2\/posts"}],"about":[{"href":"https:\/\/www.pfarregersthof.at\/komm\/wp-json\/wp\/v2\/types\/post"}],"author":[{"embeddable":true,"href":"https:\/\/www.pfarregersthof.at\/komm\/wp-json\/wp\/v2\/users\/2"}],"replies":[{"embeddable":true,"href":"https:\/\/www.pfarregersthof.at\/komm\/wp-json\/wp\/v2\/comments?post=17126"}],"version-history":[{"count":4,"href":"https:\/\/www.pfarregersthof.at\/komm\/wp-json\/wp\/v2\/posts\/17126\/revisions"}],"predecessor-version":[{"id":17241,"href":"https:\/\/www.pfarregersthof.at\/komm\/wp-json\/wp\/v2\/posts\/17126\/revisions\/17241"}],"wp:attachment":[{"href":"https:\/\/www.pfarregersthof.at\/komm\/wp-json\/wp\/v2\/media?parent=17126"}],"wp:term":[{"taxonomy":"category","embeddable":true,"href":"https:\/\/www.pfarregersthof.at\/komm\/wp-json\/wp\/v2\/categories?post=17126"},{"taxonomy":"post_tag","embeddable":true,"href":"https:\/\/www.pfarregersthof.at\/komm\/wp-json\/wp\/v2\/tags?post=17126"}],"curies":[{"name":"wp","href":"https:\/\/api.w.org\/{rel}","templated":true}]}}