{"id":17187,"date":"2024-10-05T18:42:44","date_gmt":"2024-10-05T16:42:44","guid":{"rendered":"https:\/\/www.pfarregersthof.at\/komm\/?p=17187"},"modified":"2024-10-11T21:09:01","modified_gmt":"2024-10-11T19:09:01","slug":"heizmaterial-fuer-bosnien-13-10","status":"publish","type":"post","link":"https:\/\/www.pfarregersthof.at\/komm\/2024\/10\/heizmaterial-fuer-bosnien-13-10\/","title":{"rendered":"Heizmaterial f\u00fcr Bosnien (13.10.)"},"content":{"rendered":"\n<p>Beim Pfarrkaffee am Sonntag, 13.10., nach dem 10 Uhr Gottesdienst bitten wir um <strong>Spenden f\u00fcr Heizmaterial f\u00fcr bed\u00fcrftige Familien<\/strong> in Bosnien.&nbsp;<br>Danke f\u00fcr die Unterst\u00fctzung<br><span style=\"color: #3366ff;\"><em>Gerda Winner und Hana Marhosevic<\/em><\/span><\/p>\n\n\n","protected":false},"excerpt":{"rendered":"<p>Beim Pfarrkaffee am Sonntag, 13.10., nach dem 10 Uhr Gottesdienst bitten wir um Spenden f\u00fcr Heizmaterial f\u00fcr bed\u00fcrftige Familien in Bosnien.&nbsp;Danke f\u00fcr die Unterst\u00fctzungGerda Winner und Hana Marhosevic<\/p>\n","protected":false},"author":2,"featured_media":0,"comment_status":"closed","ping_status":"closed","sticky":false,"template":"","format":"standard","meta":{"ngg_post_thumbnail":0,"footnotes":""},"categories":[7],"tags":[],"class_list":{"0":"post-17187","1":"post","2":"type-post","3":"status-publish","4":"format-standard","6":"category-archiv"},"publishpress_future_action":{"enabled":false,"date":"2026-05-09 09:44:03","action":"category","newStatus":"draft","terms":[],"taxonomy":"category","extraData":[]},"publishpress_future_workflow_manual_trigger":{"enabledWorkflows":[]},"_links":{"self":[{"href":"https:\/\/www.pfarregersthof.at\/komm\/wp-json\/wp\/v2\/posts\/17187","targetHints":{"allow":["GET"]}}],"collection":[{"href":"https:\/\/www.pfarregersthof.at\/komm\/wp-json\/wp\/v2\/posts"}],"about":[{"href":"https:\/\/www.pfarregersthof.at\/komm\/wp-json\/wp\/v2\/types\/post"}],"author":[{"embeddable":true,"href":"https:\/\/www.pfarregersthof.at\/komm\/wp-json\/wp\/v2\/users\/2"}],"replies":[{"embeddable":true,"href":"https:\/\/www.pfarregersthof.at\/komm\/wp-json\/wp\/v2\/comments?post=17187"}],"version-history":[{"count":1,"href":"https:\/\/www.pfarregersthof.at\/komm\/wp-json\/wp\/v2\/posts\/17187\/revisions"}],"predecessor-version":[{"id":17188,"href":"https:\/\/www.pfarregersthof.at\/komm\/wp-json\/wp\/v2\/posts\/17187\/revisions\/17188"}],"wp:attachment":[{"href":"https:\/\/www.pfarregersthof.at\/komm\/wp-json\/wp\/v2\/media?parent=17187"}],"wp:term":[{"taxonomy":"category","embeddable":true,"href":"https:\/\/www.pfarregersthof.at\/komm\/wp-json\/wp\/v2\/categories?post=17187"},{"taxonomy":"post_tag","embeddable":true,"href":"https:\/\/www.pfarregersthof.at\/komm\/wp-json\/wp\/v2\/tags?post=17187"}],"curies":[{"name":"wp","href":"https:\/\/api.w.org\/{rel}","templated":true}]}}