{"id":1722,"date":"2013-06-02T18:31:14","date_gmt":"2013-06-02T16:31:14","guid":{"rendered":"http:\/\/www.pfarregersthof.at\/komm\/?p=1722"},"modified":"2013-06-02T18:31:14","modified_gmt":"2013-06-02T16:31:14","slug":"langer-kindernachmittag-von-kirchen-des-18-bezirks","status":"publish","type":"post","link":"https:\/\/www.pfarregersthof.at\/komm\/2013\/06\/langer-kindernachmittag-von-kirchen-des-18-bezirks\/","title":{"rendered":"Langer Kindernachmittag von Kirchen des 18. Bezirks"},"content":{"rendered":"<p>Am 24. Mai sperrten \u00f6sterreichweit die Kirchen verschieder christlichen\u00a0 Konfessionen nunmehr schon zum 9. Mal ihre Pforten f\u00fcr eine Nacht lang\u00a0 weit auf, um einem neugierigen Publikum sich, ihre Arbeit und ihre\u00a0 Sch\u00e4tze zu pr\u00e4sentieren. Dass dabei in Wien die interessanten Sachen\u00a0 nicht nur in der Inneren Stadt zu finden sind, versuchten die Pfarren\u00a0 P\u00f6tzleinsdorf, Gersthof und Weinhaus in einer gemeinsamen Aktion zu\u00a0 zeigen. Allerdings mit einer eigenen Note: das Ganze sollte ein\u00a0 Kinderprogramm sein und den Kleinen die Pfarren ihres eigenen Dekanats\u00a0 ein wenig n\u00e4her bringen, also wurde aus der Langen Nacht kurzerhand der\u00a0 Lange Nachmittag!<\/p>\n<figure id=\"attachment_1723\" aria-describedby=\"caption-attachment-1723\" style=\"width: 300px\" class=\"wp-caption alignleft\"><img loading=\"lazy\" decoding=\"async\" class=\"size-medium wp-image-1723 \" alt=\"Kinder-R\u00e4tselrally durch einige katholische Kirchen des 18. Bezirks zur Langen Nacht der Kirchen in Wien am 24.5.2013\" src=\"https:\/\/www.pfarregersthof.at\/komm\/wp-content\/uploads\/2013\/06\/001-300x225.jpg\" width=\"300\" height=\"225\" srcset=\"https:\/\/www.pfarregersthof.at\/komm\/wp-content\/uploads\/2013\/06\/001-300x225.jpg 300w, https:\/\/www.pfarregersthof.at\/komm\/wp-content\/uploads\/2013\/06\/001-150x113.jpg 150w, https:\/\/www.pfarregersthof.at\/komm\/wp-content\/uploads\/2013\/06\/001-800x600.jpg 800w, https:\/\/www.pfarregersthof.at\/komm\/wp-content\/uploads\/2013\/06\/001-1024x768.jpg 1024w, https:\/\/www.pfarregersthof.at\/komm\/wp-content\/uploads\/2013\/06\/001-768x576.jpg 768w, https:\/\/www.pfarregersthof.at\/komm\/wp-content\/uploads\/2013\/06\/001.jpg 1028w\" sizes=\"auto, (max-width: 300px) 100vw, 300px\" \/><figcaption id=\"caption-attachment-1723\" class=\"wp-caption-text\">Kinder-R\u00e4tselrally durch einige katholische Kirchen des 18. Bezirks zur Langen Nacht der Kirchen in Wien am 24.5.2013<\/figcaption><\/figure>\n<p>Von halb vier an beginnend bei der P\u00f6tzleinsdorfer\u00a0 \u00c4gydikirche klapperten die zahlreich erschienenen jungen Kirchenforscher\u00a0 Gotteshaus um Gotteshaus der drei Pfarren ab, verglichen die einzelnen\u00a0 Elemente der Kirchen (Welcher Altar befindet sich wo? Wie unterscheiden\u00a0 sich die Osterkerzen voneinander?), lernten einiges \u00fcber das Orgelspiel\u00a0 kennen und durften in unserer Johannes-Nepomuk-Kapelle sogar einmal\u00a0 selber Hand ans Glockenseil legen. Zus\u00e4tzlich gab es bei jeder Station\u00a0 kleine Geschenke und verteilt \u00fcber die ganze Kirchenrallye auch immer\u00a0 wieder kleine Happen zur St\u00e4rkung &#8211; f\u00fcnf Kirchen insgesamt k\u00f6nnen dann\u00a0 doch ein weiter Weg sein! Die gemeinsame Aktion war ein voller Erfolg\u00a0 und es steht zu hoffen, dass ihr noch viele weitere dieser Art folgen\u00a0 werden.&#8220;<\/p>\n<p>&nbsp;<\/p>\n<p><img loading=\"lazy\" decoding=\"async\" class=\"size-medium wp-image-1724 alignleft\" alt=\"Kinder-R\u00e4tselrally durch einige katholische Kirchen des 18. Bezirks zur Langen Nacht der Kirchen in Wien am 24.5.2013\" src=\"https:\/\/www.pfarregersthof.at\/komm\/wp-content\/uploads\/2013\/06\/002-300x225.jpg\" width=\"300\" height=\"225\" srcset=\"https:\/\/www.pfarregersthof.at\/komm\/wp-content\/uploads\/2013\/06\/002-300x225.jpg 300w, https:\/\/www.pfarregersthof.at\/komm\/wp-content\/uploads\/2013\/06\/002-150x113.jpg 150w, https:\/\/www.pfarregersthof.at\/komm\/wp-content\/uploads\/2013\/06\/002-800x600.jpg 800w, https:\/\/www.pfarregersthof.at\/komm\/wp-content\/uploads\/2013\/06\/002-1024x768.jpg 1024w, https:\/\/www.pfarregersthof.at\/komm\/wp-content\/uploads\/2013\/06\/002-768x576.jpg 768w, https:\/\/www.pfarregersthof.at\/komm\/wp-content\/uploads\/2013\/06\/002.jpg 1028w\" sizes=\"auto, (max-width: 300px) 100vw, 300px\" \/><\/p>\n<p><img loading=\"lazy\" decoding=\"async\" class=\"size-medium wp-image-1726 alignnone\" alt=\" \" src=\"https:\/\/www.pfarregersthof.at\/komm\/wp-content\/uploads\/2013\/06\/004-300x225.jpg\" width=\"300\" height=\"225\" srcset=\"https:\/\/www.pfarregersthof.at\/komm\/wp-content\/uploads\/2013\/06\/004-300x225.jpg 300w, https:\/\/www.pfarregersthof.at\/komm\/wp-content\/uploads\/2013\/06\/004-150x113.jpg 150w, https:\/\/www.pfarregersthof.at\/komm\/wp-content\/uploads\/2013\/06\/004-800x600.jpg 800w, https:\/\/www.pfarregersthof.at\/komm\/wp-content\/uploads\/2013\/06\/004-1024x768.jpg 1024w, https:\/\/www.pfarregersthof.at\/komm\/wp-content\/uploads\/2013\/06\/004-768x576.jpg 768w, https:\/\/www.pfarregersthof.at\/komm\/wp-content\/uploads\/2013\/06\/004.jpg 1028w\" sizes=\"auto, (max-width: 300px) 100vw, 300px\" \/><\/p>\n<p><img loading=\"lazy\" decoding=\"async\" class=\"size-large wp-image-1725 alignnone\" alt=\"Kinder-R\u00e4tselrally durch einige katholische Kirchen des 18. Bezirks zur Langen Nacht der Kirchen in Wien am 24.5.2013\" src=\"https:\/\/www.pfarregersthof.at\/komm\/wp-content\/uploads\/2013\/06\/003-800x600.jpg\" width=\"800\" height=\"600\" srcset=\"https:\/\/www.pfarregersthof.at\/komm\/wp-content\/uploads\/2013\/06\/003-800x600.jpg 800w, https:\/\/www.pfarregersthof.at\/komm\/wp-content\/uploads\/2013\/06\/003-150x113.jpg 150w, https:\/\/www.pfarregersthof.at\/komm\/wp-content\/uploads\/2013\/06\/003-300x225.jpg 300w, https:\/\/www.pfarregersthof.at\/komm\/wp-content\/uploads\/2013\/06\/003-1024x768.jpg 1024w, https:\/\/www.pfarregersthof.at\/komm\/wp-content\/uploads\/2013\/06\/003-768x576.jpg 768w, https:\/\/www.pfarregersthof.at\/komm\/wp-content\/uploads\/2013\/06\/003.jpg 1028w\" sizes=\"auto, (max-width: 800px) 100vw, 800px\" \/><\/p>\n","protected":false},"excerpt":{"rendered":"<p>Am 24. Mai sperrten \u00f6sterreichweit die Kirchen verschieder christlichen\u00a0 Konfessionen nunmehr schon zum 9. Mal ihre Pforten f\u00fcr eine Nacht lang\u00a0 weit auf, um einem neugierigen Publikum sich, ihre Arbeit und ihre\u00a0 Sch\u00e4tze zu pr\u00e4sentieren. Dass dabei in Wien die interessanten Sachen\u00a0 nicht nur in der Inneren Stadt zu finden sind, versuchten die Pfarren\u00a0 P\u00f6tzleinsdorf, [&hellip;]<\/p>\n","protected":false},"author":2,"featured_media":1725,"comment_status":"open","ping_status":"open","sticky":false,"template":"","format":"standard","meta":{"ngg_post_thumbnail":0,"footnotes":""},"categories":[5,14],"tags":[],"class_list":{"0":"post-1722","1":"post","2":"type-post","3":"status-publish","4":"format-standard","5":"has-post-thumbnail","7":"category-was-gewesen-ist","8":"category-zuletzt"},"publishpress_future_action":{"enabled":false,"date":"2026-05-02 10:54:10","action":"category","newStatus":"draft","terms":[],"taxonomy":"category","extraData":[]},"publishpress_future_workflow_manual_trigger":{"enabledWorkflows":[]},"_links":{"self":[{"href":"https:\/\/www.pfarregersthof.at\/komm\/wp-json\/wp\/v2\/posts\/1722","targetHints":{"allow":["GET"]}}],"collection":[{"href":"https:\/\/www.pfarregersthof.at\/komm\/wp-json\/wp\/v2\/posts"}],"about":[{"href":"https:\/\/www.pfarregersthof.at\/komm\/wp-json\/wp\/v2\/types\/post"}],"author":[{"embeddable":true,"href":"https:\/\/www.pfarregersthof.at\/komm\/wp-json\/wp\/v2\/users\/2"}],"replies":[{"embeddable":true,"href":"https:\/\/www.pfarregersthof.at\/komm\/wp-json\/wp\/v2\/comments?post=1722"}],"version-history":[{"count":2,"href":"https:\/\/www.pfarregersthof.at\/komm\/wp-json\/wp\/v2\/posts\/1722\/revisions"}],"predecessor-version":[{"id":1728,"href":"https:\/\/www.pfarregersthof.at\/komm\/wp-json\/wp\/v2\/posts\/1722\/revisions\/1728"}],"wp:featuredmedia":[{"embeddable":true,"href":"https:\/\/www.pfarregersthof.at\/komm\/wp-json\/wp\/v2\/media\/1725"}],"wp:attachment":[{"href":"https:\/\/www.pfarregersthof.at\/komm\/wp-json\/wp\/v2\/media?parent=1722"}],"wp:term":[{"taxonomy":"category","embeddable":true,"href":"https:\/\/www.pfarregersthof.at\/komm\/wp-json\/wp\/v2\/categories?post=1722"},{"taxonomy":"post_tag","embeddable":true,"href":"https:\/\/www.pfarregersthof.at\/komm\/wp-json\/wp\/v2\/tags?post=1722"}],"curies":[{"name":"wp","href":"https:\/\/api.w.org\/{rel}","templated":true}]}}