{"id":17530,"date":"2024-11-16T16:18:18","date_gmt":"2024-11-16T14:18:18","guid":{"rendered":"https:\/\/www.pfarregersthof.at\/komm\/?p=17530"},"modified":"2024-11-30T19:55:34","modified_gmt":"2024-11-30T17:55:34","slug":"wiederbelebung-der-osterkapelle","status":"publish","type":"post","link":"https:\/\/www.pfarregersthof.at\/komm\/2024\/11\/wiederbelebung-der-osterkapelle\/","title":{"rendered":"Wiederbelebung der Osterkapelle"},"content":{"rendered":"\n<p>\u201eDarum kommen wir vor dein Angesicht und feiern in Gemeinschaft mit der ganzen Kirche den ersten Tag der Woche als den Tag, an dem Christus von den Toten auferstanden ist.&#8220;<br>In diesem Ausschnitt aus dem dritten Eucharistischen Hochgebet kommt vieles zum Ausdruck, was f\u00fcr das Verst\u00e4ndnis von Gottesdiensten zentral ist.<\/p>\n<p>Eine Gemeinschaft im Kirchenraum ist aber nicht bei Mindestabst\u00e4nden vom 3 Meter oder zwei leeren B\u00e4nken dazwischen seh- und sp\u00fcrbar. Viele Jahre hindurch wurde die Osterkapelle zur Feier der Sonntagabend-Gottesdienste genutzt. Durch eine Sachspende ist nun auch die Osterkapelle mit einer Orgel ausgestattet. Somit kann auch der Gottesdienst musikalisch begleitet werden. Nach eingehender Diskussion hat der Pfarrgemeinderat (PGR) einstimmig beschlossen, dass die Gottesdienste an Samstagen und Sonntagen um 18:00 Uhr in der Osterkapelle gefeiert werden sollen. Bei einer gr\u00f6\u00dfere Anzahl von Feiernden kann der Vorsteher des Gottesdienstes entscheiden, diesen in die Kirche zu verlegen. <br><span style=\"color: #3366ff;\"><em>Erwin Schinner<\/em><\/span>, FA Liturgie<\/p>\n","protected":false},"excerpt":{"rendered":"<p>\u201eDarum kommen wir vor dein Angesicht und feiern in Gemeinschaft mit der ganzen Kirche den ersten Tag der Woche als den Tag, an dem Christus von den Toten auferstanden ist.&#8220;In diesem Ausschnitt aus dem dritten Eucharistischen Hochgebet kommt vieles zum Ausdruck, was f\u00fcr das Verst\u00e4ndnis von Gottesdiensten zentral ist. Eine Gemeinschaft im Kirchenraum ist aber [&hellip;]<\/p>\n","protected":false},"author":2,"featured_media":0,"comment_status":"closed","ping_status":"closed","sticky":false,"template":"","format":"standard","meta":{"ngg_post_thumbnail":0,"footnotes":""},"categories":[20],"tags":[],"class_list":{"0":"post-17530","1":"post","2":"type-post","3":"status-publish","4":"format-standard","6":"category-uebrigens"},"publishpress_future_action":{"enabled":false,"date":"2026-05-09 13:52:04","action":"category","newStatus":"draft","terms":[],"taxonomy":"category","extraData":[]},"publishpress_future_workflow_manual_trigger":{"enabledWorkflows":[]},"_links":{"self":[{"href":"https:\/\/www.pfarregersthof.at\/komm\/wp-json\/wp\/v2\/posts\/17530","targetHints":{"allow":["GET"]}}],"collection":[{"href":"https:\/\/www.pfarregersthof.at\/komm\/wp-json\/wp\/v2\/posts"}],"about":[{"href":"https:\/\/www.pfarregersthof.at\/komm\/wp-json\/wp\/v2\/types\/post"}],"author":[{"embeddable":true,"href":"https:\/\/www.pfarregersthof.at\/komm\/wp-json\/wp\/v2\/users\/2"}],"replies":[{"embeddable":true,"href":"https:\/\/www.pfarregersthof.at\/komm\/wp-json\/wp\/v2\/comments?post=17530"}],"version-history":[{"count":1,"href":"https:\/\/www.pfarregersthof.at\/komm\/wp-json\/wp\/v2\/posts\/17530\/revisions"}],"predecessor-version":[{"id":17531,"href":"https:\/\/www.pfarregersthof.at\/komm\/wp-json\/wp\/v2\/posts\/17530\/revisions\/17531"}],"wp:attachment":[{"href":"https:\/\/www.pfarregersthof.at\/komm\/wp-json\/wp\/v2\/media?parent=17530"}],"wp:term":[{"taxonomy":"category","embeddable":true,"href":"https:\/\/www.pfarregersthof.at\/komm\/wp-json\/wp\/v2\/categories?post=17530"},{"taxonomy":"post_tag","embeddable":true,"href":"https:\/\/www.pfarregersthof.at\/komm\/wp-json\/wp\/v2\/tags?post=17530"}],"curies":[{"name":"wp","href":"https:\/\/api.w.org\/{rel}","templated":true}]}}