{"id":17706,"date":"2024-11-24T18:18:06","date_gmt":"2024-11-24T16:18:06","guid":{"rendered":"https:\/\/www.pfarregersthof.at\/komm\/?p=17706"},"modified":"2024-12-30T11:52:24","modified_gmt":"2024-12-30T10:52:24","slug":"sternsingeraktion-startet-bitte-mitmachen-3","status":"publish","type":"post","link":"https:\/\/www.pfarregersthof.at\/komm\/2024\/11\/sternsingeraktion-startet-bitte-mitmachen-3\/","title":{"rendered":"Sternsingeraktion startet \u2013 bitte mitmachen"},"content":{"rendered":"\n<p>Liebe Sternsinger, liebe Sternsingerin,<br>Lieber Begleiter, liebe Begleiterin,<\/p>\n<p>wir k\u00f6nnen es noch gar nicht glauben, aber in einem Monat ist schon Weihnachten und das hei\u00dft f\u00fcr uns: Auch die Sternsingeraktion ist nicht mehr weit! &#x1f600;<\/p>\n<p>Hier herunterladen kannst du dir die <a href=\"\/dokus\/dka\/DKA2025Einladung_SternsingerInnen.pdf\">Informationen f\u00fcr Sternsinger*innen<\/a> und <a href=\"\/dokus\/dka\/DKA2025Einladung_Begleitpersonen.pdf\">Begleitpersonen (inkl. alle Termine)<\/a>, dazu <a href=\"\/dokus\/dka\/DKA2025Lied_Text.pdf\">Text, Lied, Noten<\/a>,&nbsp; sowie Informationen zum heurigen <a href=\"\/dokus\/dka\/DKA2025Beispielprojekt.pdf\">Beispielprojekt in Nepal<\/a>: Kinderrechte, Bildung und Schutz!<\/p>\n<p>Wir hoffen, dass du, dass Sie auch heuer wieder mit dabei sind! <br>Wir laden herzlich zur <strong>Probe<\/strong> am <strong>Sonntag, 15.12.2024, nach dem 10 Uhr Gottesdienst<\/strong> (circa um 11:15 Uhr) ins <strong>Gemeindezentrum<\/strong> (Bastiengasse 18) ein. Anschlie\u00dfend findet bis ca. 14 Uhr ein Workshop zum heurigen Beispielprojekt statt \u2013 mit gemeinsamen nepalesischem Essen als Abschluss. Herzlich willkommen sind nat\u00fcrlich auch deine Freund*innen \u2013 bring sie gleich mit! Dort kannst du auch schon ausmachen, wann du mit wem Sternsingen gehen m\u00f6chtest.&nbsp;<\/p>\n<p><span style=\"color: #800000;\">F\u00fcr den Start ist eines ganz wichtig: Bitte melde dich, melden Sie sich bis 31.12.2024 nur \u00fcber das zutreffende Formular f\u00fcr die Sternsingeraktion an!<\/span><\/p>\n<ul>\n<li>Formular f\u00fcr <a href=\"https:\/\/forms.gle\/u8LCY4EJs5v6FfvH9\" target=\"_blank\" rel=\"noopener\">Sternsinger*innen hier \u00f6ffnen<\/a>.<\/li>\n<li>Formular f\u00fcr <a href=\"https:\/\/forms.gle\/H4Zjd3zsZbS7vPbS9\" target=\"_blank\" rel=\"noopener\">Begleitpersonen hier \u00f6ffnen<\/a>.<\/li>\n<\/ul>\n<p>Wir freuen uns schon sehr auf die Sternsingeraktion 2025 und euch alle. Bis ganz bald bei der Probe! &#x1f642;<\/p>\n<p>Liebe Gr\u00fc\u00dfe,<br><span style=\"color: #3366ff;\"><em>Anna Geiger, Christina Dorninger, Flo Wenig und Moni Gamillscheg<\/em><\/span><\/p>\n","protected":false},"excerpt":{"rendered":"<p>Liebe Sternsinger, liebe Sternsingerin,Lieber Begleiter, liebe Begleiterin, wir k\u00f6nnen es noch gar nicht glauben, aber in einem Monat ist schon Weihnachten und das hei\u00dft f\u00fcr uns: Auch die Sternsingeraktion ist nicht mehr weit! &#x1f600; Hier herunterladen kannst du dir die Informationen f\u00fcr Sternsinger*innen und Begleitpersonen (inkl. alle Termine), dazu Text, Lied, Noten,&nbsp; sowie Informationen zum [&hellip;]<\/p>\n","protected":false},"author":2,"featured_media":0,"comment_status":"closed","ping_status":"closed","sticky":false,"template":"","format":"standard","meta":{"ngg_post_thumbnail":0,"footnotes":""},"categories":[7],"tags":[],"class_list":{"0":"post-17706","1":"post","2":"type-post","3":"status-publish","4":"format-standard","6":"category-archiv"},"publishpress_future_action":{"enabled":false,"date":"2026-05-09 15:23:50","action":"category","newStatus":"draft","terms":[],"taxonomy":"category","extraData":[]},"publishpress_future_workflow_manual_trigger":{"enabledWorkflows":[]},"_links":{"self":[{"href":"https:\/\/www.pfarregersthof.at\/komm\/wp-json\/wp\/v2\/posts\/17706","targetHints":{"allow":["GET"]}}],"collection":[{"href":"https:\/\/www.pfarregersthof.at\/komm\/wp-json\/wp\/v2\/posts"}],"about":[{"href":"https:\/\/www.pfarregersthof.at\/komm\/wp-json\/wp\/v2\/types\/post"}],"author":[{"embeddable":true,"href":"https:\/\/www.pfarregersthof.at\/komm\/wp-json\/wp\/v2\/users\/2"}],"replies":[{"embeddable":true,"href":"https:\/\/www.pfarregersthof.at\/komm\/wp-json\/wp\/v2\/comments?post=17706"}],"version-history":[{"count":2,"href":"https:\/\/www.pfarregersthof.at\/komm\/wp-json\/wp\/v2\/posts\/17706\/revisions"}],"predecessor-version":[{"id":19389,"href":"https:\/\/www.pfarregersthof.at\/komm\/wp-json\/wp\/v2\/posts\/17706\/revisions\/19389"}],"wp:attachment":[{"href":"https:\/\/www.pfarregersthof.at\/komm\/wp-json\/wp\/v2\/media?parent=17706"}],"wp:term":[{"taxonomy":"category","embeddable":true,"href":"https:\/\/www.pfarregersthof.at\/komm\/wp-json\/wp\/v2\/categories?post=17706"},{"taxonomy":"post_tag","embeddable":true,"href":"https:\/\/www.pfarregersthof.at\/komm\/wp-json\/wp\/v2\/tags?post=17706"}],"curies":[{"name":"wp","href":"https:\/\/api.w.org\/{rel}","templated":true}]}}