{"id":18170,"date":"2025-03-02T19:06:26","date_gmt":"2025-03-02T18:06:26","guid":{"rendered":"https:\/\/www.pfarregersthof.at\/komm\/?p=18170"},"modified":"2025-03-28T16:01:04","modified_gmt":"2025-03-28T15:01:04","slug":"brauchen-sie-einen-garagenplatz","status":"publish","type":"post","link":"https:\/\/www.pfarregersthof.at\/komm\/2025\/03\/brauchen-sie-einen-garagenplatz\/","title":{"rendered":"Brauchen Sie einen Garagenplatz?"},"content":{"rendered":"\n<p>Im Haus an der Ecke Wallrissstrasse 45\/Witthauergasse stehen Abstellpl\u00e4tze f\u00fcr Ihren PKW zur Miete zur Verf\u00fcgung. Um \u20ac130.-\/Monat k\u00f6nnen Sie Ihr Fahrzeug trocken und gesichert abstellen.<\/p>\n<p>Wenn Sie Interesse haben, melden Sie sich bitte im Pfarrsekretariat f\u00fcr n\u00e4here Informationen (Mo &#8211; Fr 9 &#8211; 12 Uhr, Do 17 &#8211; 19 Uhr: +43 1 4792292)<\/p>\n<p><span style=\"color: #3366ff;\"><em>Dr. Helmut Janota<\/em><\/span><br>Stv. Vorsitzender des VVR<\/p>\n","protected":false},"excerpt":{"rendered":"<p>Im Haus an der Ecke Wallrissstrasse 45\/Witthauergasse stehen Abstellpl\u00e4tze f\u00fcr Ihren PKW zur Miete zur Verf\u00fcgung. Um \u20ac130.-\/Monat k\u00f6nnen Sie Ihr Fahrzeug trocken und gesichert abstellen. Wenn Sie Interesse haben, melden Sie sich bitte im Pfarrsekretariat f\u00fcr n\u00e4here Informationen (Mo &#8211; Fr 9 &#8211; 12 Uhr, Do 17 &#8211; 19 Uhr: +43 1 4792292) Dr. [&hellip;]<\/p>\n","protected":false},"author":2,"featured_media":0,"comment_status":"closed","ping_status":"closed","sticky":false,"template":"","format":"standard","meta":{"ngg_post_thumbnail":0,"footnotes":""},"categories":[20],"tags":[],"class_list":{"0":"post-18170","1":"post","2":"type-post","3":"status-publish","4":"format-standard","6":"category-uebrigens"},"publishpress_future_action":{"enabled":false,"date":"2026-05-09 09:43:20","action":"category","newStatus":"draft","terms":[],"taxonomy":"category","extraData":[]},"publishpress_future_workflow_manual_trigger":{"enabledWorkflows":[]},"_links":{"self":[{"href":"https:\/\/www.pfarregersthof.at\/komm\/wp-json\/wp\/v2\/posts\/18170","targetHints":{"allow":["GET"]}}],"collection":[{"href":"https:\/\/www.pfarregersthof.at\/komm\/wp-json\/wp\/v2\/posts"}],"about":[{"href":"https:\/\/www.pfarregersthof.at\/komm\/wp-json\/wp\/v2\/types\/post"}],"author":[{"embeddable":true,"href":"https:\/\/www.pfarregersthof.at\/komm\/wp-json\/wp\/v2\/users\/2"}],"replies":[{"embeddable":true,"href":"https:\/\/www.pfarregersthof.at\/komm\/wp-json\/wp\/v2\/comments?post=18170"}],"version-history":[{"count":1,"href":"https:\/\/www.pfarregersthof.at\/komm\/wp-json\/wp\/v2\/posts\/18170\/revisions"}],"predecessor-version":[{"id":18171,"href":"https:\/\/www.pfarregersthof.at\/komm\/wp-json\/wp\/v2\/posts\/18170\/revisions\/18171"}],"wp:attachment":[{"href":"https:\/\/www.pfarregersthof.at\/komm\/wp-json\/wp\/v2\/media?parent=18170"}],"wp:term":[{"taxonomy":"category","embeddable":true,"href":"https:\/\/www.pfarregersthof.at\/komm\/wp-json\/wp\/v2\/categories?post=18170"},{"taxonomy":"post_tag","embeddable":true,"href":"https:\/\/www.pfarregersthof.at\/komm\/wp-json\/wp\/v2\/tags?post=18170"}],"curies":[{"name":"wp","href":"https:\/\/api.w.org\/{rel}","templated":true}]}}