{"id":18174,"date":"2025-03-05T21:59:09","date_gmt":"2025-03-05T20:59:09","guid":{"rendered":"https:\/\/www.pfarregersthof.at\/komm\/?p=18174"},"modified":"2025-03-05T21:59:12","modified_gmt":"2025-03-05T20:59:12","slug":"60plus-150-jahre-strassenbahn-19-3","status":"publish","type":"post","link":"https:\/\/www.pfarregersthof.at\/komm\/2025\/03\/60plus-150-jahre-strassenbahn-19-3\/","title":{"rendered":"60plus: 150 Jahre Stra\u00dfenbahn (19.3.)"},"content":{"rendered":"\n<p>Liebe Freunde von 60plus und nat\u00fcrlich auch J\u00fcngere!<\/p>\n<p>Achtung im M\u00e4rz gibt es eine Programm- und&nbsp; Termin\u00e4nderung: Am <strong>Mittwoch, 19.M\u00e4rz 2025,<\/strong> besuchen wir &#8211; inklusive F\u00fchrung \u2013 die Remise <strong>Verkehrsmuseum der Wiener Linien (Fruethstra\u00dfe 2, 1030 Wien)<\/strong>. <br>Sie m\u00f6gen keine langweiligen Museen? Dann werden Sie die Remise lieben! In der Remise erleben Sie 150 Jahre Wiener Verkehrsgeschichte. Themeninseln liefern Wissenswertes und Kurioses rund um die Wiener \u00d6ffis, interaktive Medien und Mitmachstationen sorgen f\u00fcr Aha-Erlebnisse. H\u00f6hepunkt sind die beiden Fahrsimulatoren: Nehmen Sie Platz und versuchen Sie Ihr Geschick am Steuer eines 13A oder einer U-Bahn!<\/p>\n<p><strong>Treffpunkt: um 14:45, beim Museums-\/Shop Eingang \u00fcber den Ludwig-Koe\u00dfler-Platz (1030 Wien)<\/strong>. Beginn der F\u00fchrung um 15:00 Uhr (Dauer ca. 1,5 Stunden). <br>Anfahrt mit \u00d6ffis: mit der U-Bahn-U3 bis Station Schlachthausgasse.<br><span style=\"color: initial;\">Im Anschluss k\u00f6nnen wir noch gemeinsam auf einen Kaffee in der N\u00e4he gehen.<\/span><\/p>\n<p><span style=\"color: initial;\">Bitte um baldige Anmeldung da begrenzte Teilnehmeranzahl: im Pfarrsekretariat (Bischof-Faber-Platz 7, Mo-Fr 9 \u2013 12 und Do 17 \u2013 19 Uhr) \u2013 auch per Telefon 01 479 2292&nbsp; oder per E-Mail an <a href=\"mailto:sekretariat@pfarregersthof.at\">sekretariat@pfarregersthof.at<\/a>.&nbsp;<\/span><\/p>\n<p>Auf einen informativen Nachmittag&nbsp; freut sich&nbsp;<br><em><span style=\"color: #3366ff;\">Maria Kissich<\/span> und das Team der Pfarrcaritas<\/em><\/p>\n<p>&nbsp;<\/p>\n","protected":false},"excerpt":{"rendered":"<p>Liebe Freunde von 60plus und nat\u00fcrlich auch J\u00fcngere! Achtung im M\u00e4rz gibt es eine Programm- und&nbsp; Termin\u00e4nderung: Am Mittwoch, 19.M\u00e4rz 2025, besuchen wir &#8211; inklusive F\u00fchrung \u2013 die Remise Verkehrsmuseum der Wiener Linien (Fruethstra\u00dfe 2, 1030 Wien). Sie m\u00f6gen keine langweiligen Museen? Dann werden Sie die Remise lieben! In der Remise erleben Sie 150 Jahre [&hellip;]<\/p>\n","protected":false},"author":2,"featured_media":0,"comment_status":"closed","ping_status":"closed","sticky":false,"template":"","format":"standard","meta":{"ngg_post_thumbnail":0,"footnotes":""},"categories":[7],"tags":[],"class_list":{"0":"post-18174","1":"post","2":"type-post","3":"status-publish","4":"format-standard","6":"category-archiv"},"publishpress_future_action":{"enabled":false,"date":"2026-05-09 06:38:59","action":"category","newStatus":"draft","terms":[],"taxonomy":"category","extraData":[]},"publishpress_future_workflow_manual_trigger":{"enabledWorkflows":[]},"_links":{"self":[{"href":"https:\/\/www.pfarregersthof.at\/komm\/wp-json\/wp\/v2\/posts\/18174","targetHints":{"allow":["GET"]}}],"collection":[{"href":"https:\/\/www.pfarregersthof.at\/komm\/wp-json\/wp\/v2\/posts"}],"about":[{"href":"https:\/\/www.pfarregersthof.at\/komm\/wp-json\/wp\/v2\/types\/post"}],"author":[{"embeddable":true,"href":"https:\/\/www.pfarregersthof.at\/komm\/wp-json\/wp\/v2\/users\/2"}],"replies":[{"embeddable":true,"href":"https:\/\/www.pfarregersthof.at\/komm\/wp-json\/wp\/v2\/comments?post=18174"}],"version-history":[{"count":1,"href":"https:\/\/www.pfarregersthof.at\/komm\/wp-json\/wp\/v2\/posts\/18174\/revisions"}],"predecessor-version":[{"id":18175,"href":"https:\/\/www.pfarregersthof.at\/komm\/wp-json\/wp\/v2\/posts\/18174\/revisions\/18175"}],"wp:attachment":[{"href":"https:\/\/www.pfarregersthof.at\/komm\/wp-json\/wp\/v2\/media?parent=18174"}],"wp:term":[{"taxonomy":"category","embeddable":true,"href":"https:\/\/www.pfarregersthof.at\/komm\/wp-json\/wp\/v2\/categories?post=18174"},{"taxonomy":"post_tag","embeddable":true,"href":"https:\/\/www.pfarregersthof.at\/komm\/wp-json\/wp\/v2\/tags?post=18174"}],"curies":[{"name":"wp","href":"https:\/\/api.w.org\/{rel}","templated":true}]}}