{"id":1924,"date":"2013-09-22T15:49:01","date_gmt":"2013-09-22T13:49:01","guid":{"rendered":"http:\/\/www.pfarregersthof.at\/komm\/?p=1924"},"modified":"2013-12-01T19:27:06","modified_gmt":"2013-12-01T17:27:06","slug":"papst-franziskus-sicht-der-kirche","status":"publish","type":"post","link":"https:\/\/www.pfarregersthof.at\/komm\/2013\/09\/papst-franziskus-sicht-der-kirche\/","title":{"rendered":"Papst Franziskus&#8216; Sicht der Kirche"},"content":{"rendered":"<p><img loading=\"lazy\" decoding=\"async\" class=\"alignleft size-thumbnail wp-image-1925\" alt=\"Copyright KNA-Bild\" src=\"https:\/\/www.pfarregersthof.at\/komm\/wp-content\/uploads\/2013\/09\/130729-93-000101-150x99.jpg\" width=\"150\" height=\"99\" \/>&#8222;Es ist Montag, der 19. August. Papst Franziskus hat mir f\u00fcr 10 Uhr ein Treffen mit ihm im G\u00e4stehaus Santa Marta gew\u00e4hrt.&#8220; So harmlos beginnt ein Interview des Jesuiten und Journalisten Antonio Spadaro SJ, das er mit dem Papst im Sommer gef\u00fchrt hatte und das nun zur Ver\u00f6ffentlichung ein halbes Jahr nach Franziskus&#8216; Amtsantritt sofort gro\u00dfes Aufsehen erregt hat.<\/p>\n<p>Das Interview vermittelt einen tiefen und umfassenden Einblick in die Sicht des Papstes auf die Welt und die r\u00f6misch-katholische Kirche. Und diese Sicht ist ungew\u00f6hnlich und herausfordernd.<\/p>\n<p>Lesen Sie dieses Interview in der deutschsprachigen <a href=\"http:\/\/www.stimmen-der-zeit.de\/zeitschrift\/online_exklusiv\/details_html?k_beitrag=3906412\" target=\"_blank\">Jesuitenzeitschrift Stimmen der Zeit<\/a> nach.<\/p>\n<p>Es w\u00e4re spannend, Ihre Kommentar zu diesem Interview und Papst Franziskus&#8216; Sicht hier lesen zu k\u00f6nnen.<\/p>\n<p>Foto: Copyright <a href=\"http:\/\/www.kna-bild.de\" target=\"_blank\">KNA-Bild<\/a><\/p>\n","protected":false},"excerpt":{"rendered":"<p>&#8222;Es ist Montag, der 19. August. Papst Franziskus hat mir f\u00fcr 10 Uhr ein Treffen mit ihm im G\u00e4stehaus Santa Marta gew\u00e4hrt.&#8220; So harmlos beginnt ein Interview des Jesuiten und Journalisten Antonio Spadaro SJ, das er mit dem Papst im Sommer gef\u00fchrt hatte und das nun zur Ver\u00f6ffentlichung ein halbes Jahr nach Franziskus&#8216; Amtsantritt sofort [&hellip;]<\/p>\n","protected":false},"author":2,"featured_media":1925,"comment_status":"open","ping_status":"open","sticky":false,"template":"","format":"standard","meta":{"ngg_post_thumbnail":0,"footnotes":""},"categories":[7],"tags":[85],"class_list":{"0":"post-1924","1":"post","2":"type-post","3":"status-publish","4":"format-standard","5":"has-post-thumbnail","7":"category-archiv","8":"tag-papst"},"publishpress_future_action":{"enabled":false,"date":"2026-05-02 10:53:53","action":"category","newStatus":"draft","terms":[],"taxonomy":"category","extraData":[]},"publishpress_future_workflow_manual_trigger":{"enabledWorkflows":[]},"_links":{"self":[{"href":"https:\/\/www.pfarregersthof.at\/komm\/wp-json\/wp\/v2\/posts\/1924","targetHints":{"allow":["GET"]}}],"collection":[{"href":"https:\/\/www.pfarregersthof.at\/komm\/wp-json\/wp\/v2\/posts"}],"about":[{"href":"https:\/\/www.pfarregersthof.at\/komm\/wp-json\/wp\/v2\/types\/post"}],"author":[{"embeddable":true,"href":"https:\/\/www.pfarregersthof.at\/komm\/wp-json\/wp\/v2\/users\/2"}],"replies":[{"embeddable":true,"href":"https:\/\/www.pfarregersthof.at\/komm\/wp-json\/wp\/v2\/comments?post=1924"}],"version-history":[{"count":4,"href":"https:\/\/www.pfarregersthof.at\/komm\/wp-json\/wp\/v2\/posts\/1924\/revisions"}],"predecessor-version":[{"id":1929,"href":"https:\/\/www.pfarregersthof.at\/komm\/wp-json\/wp\/v2\/posts\/1924\/revisions\/1929"}],"wp:featuredmedia":[{"embeddable":true,"href":"https:\/\/www.pfarregersthof.at\/komm\/wp-json\/wp\/v2\/media\/1925"}],"wp:attachment":[{"href":"https:\/\/www.pfarregersthof.at\/komm\/wp-json\/wp\/v2\/media?parent=1924"}],"wp:term":[{"taxonomy":"category","embeddable":true,"href":"https:\/\/www.pfarregersthof.at\/komm\/wp-json\/wp\/v2\/categories?post=1924"},{"taxonomy":"post_tag","embeddable":true,"href":"https:\/\/www.pfarregersthof.at\/komm\/wp-json\/wp\/v2\/tags?post=1924"}],"curies":[{"name":"wp","href":"https:\/\/api.w.org\/{rel}","templated":true}]}}