{"id":19656,"date":"2026-01-17T19:07:01","date_gmt":"2026-01-17T18:07:01","guid":{"rendered":"https:\/\/www.pfarregersthof.at\/komm\/?p=19656"},"modified":"2026-01-17T19:07:03","modified_gmt":"2026-01-17T18:07:03","slug":"dank-an-diakon-toni","status":"publish","type":"post","link":"https:\/\/www.pfarregersthof.at\/komm\/2026\/01\/dank-an-diakon-toni\/","title":{"rendered":"Dank an Diakon Toni"},"content":{"rendered":"\n<p>Wie vielen bekannt, ist Diakon Toni im Jahr 2025 von gesundheitlichen Problemen in seiner Aktivit\u00e4t eingeschr\u00e4nkt worden. Daher hat er der Erzdi\u00f6zese Wien seinen R\u00fcckzug aus dem Diakonen-Amt f\u00fcr diese Pfarre vorgeschlagen. Mit Ende Dezember 2025 wurde dieser Vorschlag von der Erzdi\u00f6zese angenommen und er seines &#8222;Amtes entpflichtet&#8220;, wie mitgeteilt wurde.<\/p>\n<p>Wir danke Toni f\u00fcr seinen jahrelangen Dienst &#8211; seit 1985 &#8211; f\u00fcr die Gemeinde und w\u00fcschen ihm alles Gute.<br><span style=\"color: #3366ff;\"><em>Erwin Schinner<\/em><\/span><br>f\u00fcr den PGR und FA Liturgie<\/p>\n","protected":false},"excerpt":{"rendered":"<p>Wie vielen bekannt, ist Diakon Toni im Jahr 2025 von gesundheitlichen Problemen in seiner Aktivit\u00e4t eingeschr\u00e4nkt worden. Daher hat er der Erzdi\u00f6zese Wien seinen R\u00fcckzug aus dem Diakonen-Amt f\u00fcr diese Pfarre vorgeschlagen. Mit Ende Dezember 2025 wurde dieser Vorschlag von der Erzdi\u00f6zese angenommen und er seines &#8222;Amtes entpflichtet&#8220;, wie mitgeteilt wurde. Wir danke Toni f\u00fcr [&hellip;]<\/p>\n","protected":false},"author":2,"featured_media":0,"comment_status":"closed","ping_status":"closed","sticky":false,"template":"","format":"standard","meta":{"ngg_post_thumbnail":0,"footnotes":""},"categories":[20],"tags":[],"class_list":{"0":"post-19656","1":"post","2":"type-post","3":"status-publish","4":"format-standard","6":"category-uebrigens"},"publishpress_future_action":{"enabled":false,"date":"2026-05-09 12:31:50","action":"category","newStatus":"draft","terms":[],"taxonomy":"category","extraData":[]},"publishpress_future_workflow_manual_trigger":{"enabledWorkflows":[]},"_links":{"self":[{"href":"https:\/\/www.pfarregersthof.at\/komm\/wp-json\/wp\/v2\/posts\/19656","targetHints":{"allow":["GET"]}}],"collection":[{"href":"https:\/\/www.pfarregersthof.at\/komm\/wp-json\/wp\/v2\/posts"}],"about":[{"href":"https:\/\/www.pfarregersthof.at\/komm\/wp-json\/wp\/v2\/types\/post"}],"author":[{"embeddable":true,"href":"https:\/\/www.pfarregersthof.at\/komm\/wp-json\/wp\/v2\/users\/2"}],"replies":[{"embeddable":true,"href":"https:\/\/www.pfarregersthof.at\/komm\/wp-json\/wp\/v2\/comments?post=19656"}],"version-history":[{"count":1,"href":"https:\/\/www.pfarregersthof.at\/komm\/wp-json\/wp\/v2\/posts\/19656\/revisions"}],"predecessor-version":[{"id":19657,"href":"https:\/\/www.pfarregersthof.at\/komm\/wp-json\/wp\/v2\/posts\/19656\/revisions\/19657"}],"wp:attachment":[{"href":"https:\/\/www.pfarregersthof.at\/komm\/wp-json\/wp\/v2\/media?parent=19656"}],"wp:term":[{"taxonomy":"category","embeddable":true,"href":"https:\/\/www.pfarregersthof.at\/komm\/wp-json\/wp\/v2\/categories?post=19656"},{"taxonomy":"post_tag","embeddable":true,"href":"https:\/\/www.pfarregersthof.at\/komm\/wp-json\/wp\/v2\/tags?post=19656"}],"curies":[{"name":"wp","href":"https:\/\/api.w.org\/{rel}","templated":true}]}}