{"id":19719,"date":"2026-01-29T12:14:53","date_gmt":"2026-01-29T11:14:53","guid":{"rendered":"https:\/\/www.pfarregersthof.at\/komm\/?p=19719"},"modified":"2026-01-29T12:14:56","modified_gmt":"2026-01-29T11:14:56","slug":"bibel-entdecken-gott-und-diese-welt-2","status":"publish","type":"post","link":"https:\/\/www.pfarregersthof.at\/komm\/2026\/01\/bibel-entdecken-gott-und-diese-welt-2\/","title":{"rendered":"Bibel entdecken: Gott l\u00e4sst die Welt beginnen (11.2.)"},"content":{"rendered":"\n<p>(Dieses Bibel entdecken-Treffen war schon f\u00fcr den 18.1. geplant, musst aber wegen Erkrankung verschoben werden!)<\/p>\n<p>Jede Erz\u00e4hlung \u00fcber eine gro\u00dfe Beziehung hat ein &#8222;Wie alles begann&#8220;. Das Alte Testament der Bibel wird damit er\u00f6ffnet, wie Gott diese Erde und auch uns Menschen erschaffen hat. Das ist so wichtig, dass es gleich zwei Mal, aber mit etwas anderen Worten und Schwerpunkten erz\u00e4hlt wird. Es ist kein naturwissenschaftliches Protokoll, sondern der Beginn einer lebendigen Beziehung von Gott und Menschen.<\/p>\n<p>Dieser Text wird als erster in der Osternacht am 4. April gelesen. Um ihn besser zu verstehen, werden wir beim n\u00e4chsten <strong>Bibel entdecken<\/strong> am <strong>Mittwoch, 11. Februar, ab 19:45 in Besprechungszimmer<\/strong> (Pfarrhaus, Bischof Faber Platz 7), diesen Text lesen, weitere Informationen dazu verfolgen, und uns die Frage stellen: was bewegt mich daran, macht dies meine Beziehung zu Gott lebendiger?<\/p>\n<p><span style=\"color: #3366ff;\"><em>Michael&nbsp; Steidl<\/em><\/span><br>(Verk\u00fcndigung &#8211; PGR)<\/p>\n","protected":false},"excerpt":{"rendered":"<p>(Dieses Bibel entdecken-Treffen war schon f\u00fcr den 18.1. geplant, musst aber wegen Erkrankung verschoben werden!) Jede Erz\u00e4hlung \u00fcber eine gro\u00dfe Beziehung hat ein &#8222;Wie alles begann&#8220;. Das Alte Testament der Bibel wird damit er\u00f6ffnet, wie Gott diese Erde und auch uns Menschen erschaffen hat. Das ist so wichtig, dass es gleich zwei Mal, aber mit [&hellip;]<\/p>\n","protected":false},"author":2,"featured_media":0,"comment_status":"closed","ping_status":"closed","sticky":false,"template":"","format":"standard","meta":{"ngg_post_thumbnail":0,"footnotes":""},"categories":[7],"tags":[],"class_list":{"0":"post-19719","1":"post","2":"type-post","3":"status-publish","4":"format-standard","6":"category-archiv"},"publishpress_future_action":{"enabled":false,"date":"2026-05-09 14:00:27","action":"category","newStatus":"draft","terms":[],"taxonomy":"category","extraData":[]},"publishpress_future_workflow_manual_trigger":{"enabledWorkflows":[]},"_links":{"self":[{"href":"https:\/\/www.pfarregersthof.at\/komm\/wp-json\/wp\/v2\/posts\/19719","targetHints":{"allow":["GET"]}}],"collection":[{"href":"https:\/\/www.pfarregersthof.at\/komm\/wp-json\/wp\/v2\/posts"}],"about":[{"href":"https:\/\/www.pfarregersthof.at\/komm\/wp-json\/wp\/v2\/types\/post"}],"author":[{"embeddable":true,"href":"https:\/\/www.pfarregersthof.at\/komm\/wp-json\/wp\/v2\/users\/2"}],"replies":[{"embeddable":true,"href":"https:\/\/www.pfarregersthof.at\/komm\/wp-json\/wp\/v2\/comments?post=19719"}],"version-history":[{"count":1,"href":"https:\/\/www.pfarregersthof.at\/komm\/wp-json\/wp\/v2\/posts\/19719\/revisions"}],"predecessor-version":[{"id":19720,"href":"https:\/\/www.pfarregersthof.at\/komm\/wp-json\/wp\/v2\/posts\/19719\/revisions\/19720"}],"wp:attachment":[{"href":"https:\/\/www.pfarregersthof.at\/komm\/wp-json\/wp\/v2\/media?parent=19719"}],"wp:term":[{"taxonomy":"category","embeddable":true,"href":"https:\/\/www.pfarregersthof.at\/komm\/wp-json\/wp\/v2\/categories?post=19719"},{"taxonomy":"post_tag","embeddable":true,"href":"https:\/\/www.pfarregersthof.at\/komm\/wp-json\/wp\/v2\/tags?post=19719"}],"curies":[{"name":"wp","href":"https:\/\/api.w.org\/{rel}","templated":true}]}}