{"id":20423,"date":"2026-04-29T17:52:04","date_gmt":"2026-04-29T15:52:04","guid":{"rendered":"https:\/\/www.pfarregersthof.at\/komm\/?p=20423"},"modified":"2026-04-29T17:52:07","modified_gmt":"2026-04-29T15:52:07","slug":"dank-zum-pfarrkaffee-der-priester-19-4","status":"publish","type":"post","link":"https:\/\/www.pfarregersthof.at\/komm\/2026\/04\/dank-zum-pfarrkaffee-der-priester-19-4\/","title":{"rendered":"Dank zum Pfarrkaffee der Priester (19.4.)"},"content":{"rendered":"\n<p>Was f\u00fcr ein sch\u00f6ner Mittag! Danke an alle, die beim Pfarrkaffee dabei waren.<\/p>\n<p>Ein herzliches Dankesch\u00f6n an Sana und Dorli f\u00fcr euren unerm\u00fcdlichen Einsatz im Hintergrund. Und ein gro\u00dfes Lob an alle, die einen Kuchen gebacken haben \u2013 die Auswahl war einfach gro\u00dfartig.<\/p>\n<p>Liebe Kinder, liebe Schwestern und Br\u00fcder! <br>Manchmal verstehen wir auch nicht alles. Manchmal sind wir traurig oder haben Angst. Mit unseren menschlichen Augen sehen wir nur Probleme. Aber Jesus sagt: \u201eHab keine Angst! Ich bin da!&#8220; Er hat Verst\u00e4ndnis f\u00fcr uns. Er hilft uns, mit dem Herzen zu sehen. Und wenn wir ihn erkennen \u2013 dann ist da diese riesengro\u00dfe Freude, die niemand wegnehmen kann!<\/p>\n<p>Wir sind sehr dankbar f\u00fcr alle Spenden! <br>Den Erl\u00f6s des Pfarrkaffees spenden wir zur G\u00e4nze der Verbesserung der Akustik im Gemeindezentrum.<\/p>\n<p>Gemeinsam macht es am meisten Spa\u00df! <br>P. Marek Kalisz CM<\/p>\n","protected":false},"excerpt":{"rendered":"<p>Was f\u00fcr ein sch\u00f6ner Mittag! Danke an alle, die beim Pfarrkaffee dabei waren. Ein herzliches Dankesch\u00f6n an Sana und Dorli f\u00fcr euren unerm\u00fcdlichen Einsatz im Hintergrund. Und ein gro\u00dfes Lob an alle, die einen Kuchen gebacken haben \u2013 die Auswahl war einfach gro\u00dfartig. Liebe Kinder, liebe Schwestern und Br\u00fcder! Manchmal verstehen wir auch nicht alles. [&hellip;]<\/p>\n","protected":false},"author":2,"featured_media":0,"comment_status":"closed","ping_status":"closed","sticky":false,"template":"","format":"standard","meta":{"ngg_post_thumbnail":0,"footnotes":""},"categories":[5],"tags":[],"class_list":{"0":"post-20423","1":"post","2":"type-post","3":"status-publish","4":"format-standard","6":"category-was-gewesen-ist"},"publishpress_future_action":{"enabled":false,"date":"2026-05-07 15:36:43","action":"category","newStatus":"draft","terms":[],"taxonomy":"category","extraData":[]},"publishpress_future_workflow_manual_trigger":{"enabledWorkflows":[]},"_links":{"self":[{"href":"https:\/\/www.pfarregersthof.at\/komm\/wp-json\/wp\/v2\/posts\/20423","targetHints":{"allow":["GET"]}}],"collection":[{"href":"https:\/\/www.pfarregersthof.at\/komm\/wp-json\/wp\/v2\/posts"}],"about":[{"href":"https:\/\/www.pfarregersthof.at\/komm\/wp-json\/wp\/v2\/types\/post"}],"author":[{"embeddable":true,"href":"https:\/\/www.pfarregersthof.at\/komm\/wp-json\/wp\/v2\/users\/2"}],"replies":[{"embeddable":true,"href":"https:\/\/www.pfarregersthof.at\/komm\/wp-json\/wp\/v2\/comments?post=20423"}],"version-history":[{"count":1,"href":"https:\/\/www.pfarregersthof.at\/komm\/wp-json\/wp\/v2\/posts\/20423\/revisions"}],"predecessor-version":[{"id":20424,"href":"https:\/\/www.pfarregersthof.at\/komm\/wp-json\/wp\/v2\/posts\/20423\/revisions\/20424"}],"wp:attachment":[{"href":"https:\/\/www.pfarregersthof.at\/komm\/wp-json\/wp\/v2\/media?parent=20423"}],"wp:term":[{"taxonomy":"category","embeddable":true,"href":"https:\/\/www.pfarregersthof.at\/komm\/wp-json\/wp\/v2\/categories?post=20423"},{"taxonomy":"post_tag","embeddable":true,"href":"https:\/\/www.pfarregersthof.at\/komm\/wp-json\/wp\/v2\/tags?post=20423"}],"curies":[{"name":"wp","href":"https:\/\/api.w.org\/{rel}","templated":true}]}}