{"id":20425,"date":"2026-04-29T17:28:00","date_gmt":"2026-04-29T15:28:00","guid":{"rendered":"https:\/\/www.pfarregersthof.at\/komm\/?p=20425"},"modified":"2026-04-29T17:55:10","modified_gmt":"2026-04-29T15:55:10","slug":"danke-fuer-pfarr-caritas-spenden-2","status":"publish","type":"post","link":"https:\/\/www.pfarregersthof.at\/komm\/2026\/04\/danke-fuer-pfarr-caritas-spenden-2\/","title":{"rendered":"Danke f\u00fcr Pfarr-Caritas-Spenden"},"content":{"rendered":"\n<p>Ein herzliches Dankesch\u00f6n f\u00fcr Ihre Spendenbereitschaft am Wochenende 18.\/19.April! Bei der Sammlung der Pfarrcaritas am letzten Wochenende wurden insgesamt \u20ac 280,50 (davon \u20ac 85,00 von der Gemeinde der Johann-Nepomuk-Kapelle) gespendet.<\/p>\n<p>Mit diesen Spenden k\u00f6nnen wieder bed\u00fcrftige Gersthofer und Gersthoferinnen unterst\u00fctzt werden. <br><em><span style=\"color: #3366ff;\">Maria Kissich<\/span> und das Team der Pfarrcaritas<\/em><\/p>\n","protected":false},"excerpt":{"rendered":"<p>Ein herzliches Dankesch\u00f6n f\u00fcr Ihre Spendenbereitschaft am Wochenende 18.\/19.April! Bei der Sammlung der Pfarrcaritas am letzten Wochenende wurden insgesamt \u20ac 280,50 (davon \u20ac 85,00 von der Gemeinde der Johann-Nepomuk-Kapelle) gespendet. Mit diesen Spenden k\u00f6nnen wieder bed\u00fcrftige Gersthofer und Gersthoferinnen unterst\u00fctzt werden. Maria Kissich und das Team der Pfarrcaritas<\/p>\n","protected":false},"author":2,"featured_media":0,"comment_status":"closed","ping_status":"closed","sticky":false,"template":"","format":"standard","meta":{"ngg_post_thumbnail":0,"footnotes":""},"categories":[5],"tags":[],"class_list":{"0":"post-20425","1":"post","2":"type-post","3":"status-publish","4":"format-standard","6":"category-was-gewesen-ist"},"publishpress_future_action":{"enabled":false,"date":"2026-05-07 15:41:56","action":"category","newStatus":"draft","terms":[],"taxonomy":"category","extraData":[]},"publishpress_future_workflow_manual_trigger":{"enabledWorkflows":[]},"_links":{"self":[{"href":"https:\/\/www.pfarregersthof.at\/komm\/wp-json\/wp\/v2\/posts\/20425","targetHints":{"allow":["GET"]}}],"collection":[{"href":"https:\/\/www.pfarregersthof.at\/komm\/wp-json\/wp\/v2\/posts"}],"about":[{"href":"https:\/\/www.pfarregersthof.at\/komm\/wp-json\/wp\/v2\/types\/post"}],"author":[{"embeddable":true,"href":"https:\/\/www.pfarregersthof.at\/komm\/wp-json\/wp\/v2\/users\/2"}],"replies":[{"embeddable":true,"href":"https:\/\/www.pfarregersthof.at\/komm\/wp-json\/wp\/v2\/comments?post=20425"}],"version-history":[{"count":1,"href":"https:\/\/www.pfarregersthof.at\/komm\/wp-json\/wp\/v2\/posts\/20425\/revisions"}],"predecessor-version":[{"id":20426,"href":"https:\/\/www.pfarregersthof.at\/komm\/wp-json\/wp\/v2\/posts\/20425\/revisions\/20426"}],"wp:attachment":[{"href":"https:\/\/www.pfarregersthof.at\/komm\/wp-json\/wp\/v2\/media?parent=20425"}],"wp:term":[{"taxonomy":"category","embeddable":true,"href":"https:\/\/www.pfarregersthof.at\/komm\/wp-json\/wp\/v2\/categories?post=20425"},{"taxonomy":"post_tag","embeddable":true,"href":"https:\/\/www.pfarregersthof.at\/komm\/wp-json\/wp\/v2\/tags?post=20425"}],"curies":[{"name":"wp","href":"https:\/\/api.w.org\/{rel}","templated":true}]}}