{"id":2159,"date":"2014-01-11T20:34:48","date_gmt":"2014-01-11T18:34:48","guid":{"rendered":"http:\/\/www.pfarregersthof.at\/komm\/?p=2159"},"modified":"2014-01-18T19:07:00","modified_gmt":"2014-01-18T17:07:00","slug":"neues-testament-fuer-mich-entdecken-14-1","status":"publish","type":"post","link":"https:\/\/www.pfarregersthof.at\/komm\/2014\/01\/neues-testament-fuer-mich-entdecken-14-1\/","title":{"rendered":"Neues Testament f\u00fcr mich entdecken (14.1.)"},"content":{"rendered":"<p><a href=\"https:\/\/www.pfarregersthof.at\/komm\/wp-content\/uploads\/2013\/12\/mwsat-20131215-IMG_9957-2.jpg\"><img loading=\"lazy\" decoding=\"async\" class=\"alignright size-thumbnail wp-image-2165\" alt=\"Bibel lesen\" src=\"https:\/\/www.pfarregersthof.at\/komm\/wp-content\/uploads\/2013\/12\/mwsat-20131215-IMG_9957-2-150x100.jpg\" width=\"150\" height=\"100\" srcset=\"https:\/\/www.pfarregersthof.at\/komm\/wp-content\/uploads\/2013\/12\/mwsat-20131215-IMG_9957-2-150x100.jpg 150w, https:\/\/www.pfarregersthof.at\/komm\/wp-content\/uploads\/2013\/12\/mwsat-20131215-IMG_9957-2-300x200.jpg 300w, https:\/\/www.pfarregersthof.at\/komm\/wp-content\/uploads\/2013\/12\/mwsat-20131215-IMG_9957-2-800x534.jpg 800w, https:\/\/www.pfarregersthof.at\/komm\/wp-content\/uploads\/2013\/12\/mwsat-20131215-IMG_9957-2-768x512.jpg 768w, https:\/\/www.pfarregersthof.at\/komm\/wp-content\/uploads\/2013\/12\/mwsat-20131215-IMG_9957-2.jpg 1000w\" sizes=\"auto, (max-width: 150px) 100vw, 150px\" \/><\/a>Regelm\u00e4\u00dfig ist aus dem Neuen Testament in den Bibellesungen der Gottesdienste zu h\u00f6ren, auch in breiten \u00f6ffentlichen Diskussionen wird gerne daraus zitiert. Es haben aber viele Christen nicht so recht Freude am eigenen Lesen aus den Evangelien oder den Briefen des Neuen Testaments, die Deutung des Gelesenen wird lieber Priestern und Bibelexperten \u00fcberlassen.<\/p>\n<p><a href=\"https:\/\/www.pfarregersthof.at\/komm\/wp-content\/uploads\/2013\/12\/schwarz_roland1.jpg\"><img loading=\"lazy\" decoding=\"async\" class=\"size-full wp-image-2163 alignleft\" alt=\"\" src=\"https:\/\/www.pfarregersthof.at\/komm\/wp-content\/uploads\/2013\/12\/schwarz_roland1.jpg\" width=\"100\" height=\"126\" \/><\/a>Hier will Pfarrer Dr. Roland Schwarz weiterhelfen. Am <strong>Dienstag, 14. J\u00e4nner 2014, um 19.30 Uhr wird er im Gemeindezentrum<\/strong> (Bastiengasse 18) Hilfen und Anleitungen zum eigenen Lesen des Neuen Testaments anbieten. Damit soll nicht nur Wissen \u00fcber die Bibel sondern vor allem die Freude daran, sie zu lesen und zu \u00fcberdenken, weitergegeben werden.<\/p>\n<p>&nbsp;<\/p>\n","protected":false},"excerpt":{"rendered":"<p>Regelm\u00e4\u00dfig ist aus dem Neuen Testament in den Bibellesungen der Gottesdienste zu h\u00f6ren, auch in breiten \u00f6ffentlichen Diskussionen wird gerne daraus zitiert. Es haben aber viele Christen nicht so recht Freude am eigenen Lesen aus den Evangelien oder den Briefen des Neuen Testaments, die Deutung des Gelesenen wird lieber Priestern und Bibelexperten \u00fcberlassen. Hier will [&hellip;]<\/p>\n","protected":false},"author":2,"featured_media":2165,"comment_status":"open","ping_status":"open","sticky":false,"template":"","format":"standard","meta":{"ngg_post_thumbnail":0,"footnotes":""},"categories":[7],"tags":[],"class_list":{"0":"post-2159","1":"post","2":"type-post","3":"status-publish","4":"format-standard","5":"has-post-thumbnail","7":"category-archiv"},"publishpress_future_action":{"enabled":false,"date":"2026-05-03 09:40:25","action":"category","newStatus":"draft","terms":[],"taxonomy":"category","extraData":[]},"publishpress_future_workflow_manual_trigger":{"enabledWorkflows":[]},"_links":{"self":[{"href":"https:\/\/www.pfarregersthof.at\/komm\/wp-json\/wp\/v2\/posts\/2159","targetHints":{"allow":["GET"]}}],"collection":[{"href":"https:\/\/www.pfarregersthof.at\/komm\/wp-json\/wp\/v2\/posts"}],"about":[{"href":"https:\/\/www.pfarregersthof.at\/komm\/wp-json\/wp\/v2\/types\/post"}],"author":[{"embeddable":true,"href":"https:\/\/www.pfarregersthof.at\/komm\/wp-json\/wp\/v2\/users\/2"}],"replies":[{"embeddable":true,"href":"https:\/\/www.pfarregersthof.at\/komm\/wp-json\/wp\/v2\/comments?post=2159"}],"version-history":[{"count":5,"href":"https:\/\/www.pfarregersthof.at\/komm\/wp-json\/wp\/v2\/posts\/2159\/revisions"}],"predecessor-version":[{"id":2172,"href":"https:\/\/www.pfarregersthof.at\/komm\/wp-json\/wp\/v2\/posts\/2159\/revisions\/2172"}],"wp:featuredmedia":[{"embeddable":true,"href":"https:\/\/www.pfarregersthof.at\/komm\/wp-json\/wp\/v2\/media\/2165"}],"wp:attachment":[{"href":"https:\/\/www.pfarregersthof.at\/komm\/wp-json\/wp\/v2\/media?parent=2159"}],"wp:term":[{"taxonomy":"category","embeddable":true,"href":"https:\/\/www.pfarregersthof.at\/komm\/wp-json\/wp\/v2\/categories?post=2159"},{"taxonomy":"post_tag","embeddable":true,"href":"https:\/\/www.pfarregersthof.at\/komm\/wp-json\/wp\/v2\/tags?post=2159"}],"curies":[{"name":"wp","href":"https:\/\/api.w.org\/{rel}","templated":true}]}}