{"id":2174,"date":"2013-12-21T17:45:27","date_gmt":"2013-12-21T15:45:27","guid":{"rendered":"http:\/\/www.pfarregersthof.at\/komm\/?p=2174"},"modified":"2014-01-18T19:06:35","modified_gmt":"2014-01-18T17:06:35","slug":"danke-und-gedenken-mag-wolfgang-renauer","status":"publish","type":"post","link":"https:\/\/www.pfarregersthof.at\/komm\/2013\/12\/danke-und-gedenken-mag-wolfgang-renauer\/","title":{"rendered":"Danke und Gedenken Mag. Wolfgang Renauer"},"content":{"rendered":"<p><a href=\"https:\/\/www.pfarregersthof.at\/komm\/wp-content\/uploads\/2013\/12\/Wolfgang_Renauer-1.jpg\"><img loading=\"lazy\" decoding=\"async\" class=\"size-full wp-image-2178 alignleft\" alt=\"Wolfgang_Renauer-1\" src=\"https:\/\/www.pfarregersthof.at\/komm\/wp-content\/uploads\/2013\/12\/Wolfgang_Renauer-1.jpg\" width=\"169\" height=\"225\" srcset=\"https:\/\/www.pfarregersthof.at\/komm\/wp-content\/uploads\/2013\/12\/Wolfgang_Renauer-1.jpg 169w, https:\/\/www.pfarregersthof.at\/komm\/wp-content\/uploads\/2013\/12\/Wolfgang_Renauer-1-113x150.jpg 113w\" sizes=\"auto, (max-width: 169px) 100vw, 169px\" \/><\/a>Mag. Wolfgang Renauer war seit mehr als einem Jahrzehnt regelm\u00e4\u00dfiger und verl\u00e4sslicher Vorsteher der Sonntag-Abendmesse und hatte schon seit l\u00e4ngerem durch defekte Lunge Atemprobleme. Diese veranlassten einen Spitalsaufenthalt, sogar in der Intensivstation des Krankenhauses der Barmherzigen Schwestern in Gumpendorf.<\/p>\n<p>Friedlich und zufrieden, so erfahre ich, ist dieser von vielen gesch\u00e4tzte Priester am 17.12. um 17.30 im 66. Lebensjahr \u201eheimgegangen\u201c.<\/p>\n<p>Das Begr\u00e4bnis findet am Samstag, dem 28. Dezember um 12.00 Uhr in Leobendorf (Burg Kreuzenstein) statt.<\/p>\n<p>Um das dankbare Gebet bittet<br \/>\n<span style=\"color: #0000ff;\"><em>Pfr. Norbert<\/em><\/span><\/p>\n","protected":false},"excerpt":{"rendered":"<p>Mag. Wolfgang Renauer war seit mehr als einem Jahrzehnt regelm\u00e4\u00dfiger und verl\u00e4sslicher Vorsteher der Sonntag-Abendmesse und hatte schon seit l\u00e4ngerem durch defekte Lunge Atemprobleme. Diese veranlassten einen Spitalsaufenthalt, sogar in der Intensivstation des Krankenhauses der Barmherzigen Schwestern in Gumpendorf. Friedlich und zufrieden, so erfahre ich, ist dieser von vielen gesch\u00e4tzte Priester am 17.12. um 17.30 [&hellip;]<\/p>\n","protected":false},"author":2,"featured_media":2178,"comment_status":"open","ping_status":"open","sticky":false,"template":"","format":"standard","meta":{"ngg_post_thumbnail":0,"footnotes":""},"categories":[7],"tags":[],"class_list":{"0":"post-2174","1":"post","2":"type-post","3":"status-publish","4":"format-standard","5":"has-post-thumbnail","7":"category-archiv"},"publishpress_future_action":{"enabled":false,"date":"2026-05-02 10:40:46","action":"category","newStatus":"draft","terms":[],"taxonomy":"category","extraData":[]},"publishpress_future_workflow_manual_trigger":{"enabledWorkflows":[]},"_links":{"self":[{"href":"https:\/\/www.pfarregersthof.at\/komm\/wp-json\/wp\/v2\/posts\/2174","targetHints":{"allow":["GET"]}}],"collection":[{"href":"https:\/\/www.pfarregersthof.at\/komm\/wp-json\/wp\/v2\/posts"}],"about":[{"href":"https:\/\/www.pfarregersthof.at\/komm\/wp-json\/wp\/v2\/types\/post"}],"author":[{"embeddable":true,"href":"https:\/\/www.pfarregersthof.at\/komm\/wp-json\/wp\/v2\/users\/2"}],"replies":[{"embeddable":true,"href":"https:\/\/www.pfarregersthof.at\/komm\/wp-json\/wp\/v2\/comments?post=2174"}],"version-history":[{"count":3,"href":"https:\/\/www.pfarregersthof.at\/komm\/wp-json\/wp\/v2\/posts\/2174\/revisions"}],"predecessor-version":[{"id":2180,"href":"https:\/\/www.pfarregersthof.at\/komm\/wp-json\/wp\/v2\/posts\/2174\/revisions\/2180"}],"wp:featuredmedia":[{"embeddable":true,"href":"https:\/\/www.pfarregersthof.at\/komm\/wp-json\/wp\/v2\/media\/2178"}],"wp:attachment":[{"href":"https:\/\/www.pfarregersthof.at\/komm\/wp-json\/wp\/v2\/media?parent=2174"}],"wp:term":[{"taxonomy":"category","embeddable":true,"href":"https:\/\/www.pfarregersthof.at\/komm\/wp-json\/wp\/v2\/categories?post=2174"},{"taxonomy":"post_tag","embeddable":true,"href":"https:\/\/www.pfarregersthof.at\/komm\/wp-json\/wp\/v2\/tags?post=2174"}],"curies":[{"name":"wp","href":"https:\/\/api.w.org\/{rel}","templated":true}]}}