{"id":2176,"date":"2013-12-21T17:47:48","date_gmt":"2013-12-21T15:47:48","guid":{"rendered":"http:\/\/www.pfarregersthof.at\/komm\/?p=2176"},"modified":"2013-12-21T17:47:48","modified_gmt":"2013-12-21T15:47:48","slug":"weihnachtspaketaktion-zeugnis-der-naechstenliebe","status":"publish","type":"post","link":"https:\/\/www.pfarregersthof.at\/komm\/2013\/12\/weihnachtspaketaktion-zeugnis-der-naechstenliebe\/","title":{"rendered":"Weihnachtspaketaktion &#8211; Zeugnis der N\u00e4chstenliebe"},"content":{"rendered":"<p>Geschenke f\u00fcr \u00fcber 800 Personen, davon f\u00fcr 519 Kinder, lagen am Sonntag Gaudete um unseren Altar in der Pfarrkirche. Es war ein \u00fcberw\u00e4ltigender Anblick, auch f\u00fcr unseren Caritaspr\u00e4sidenten Dr. Landau, der mit uns einen sehr lebendigen und sch\u00f6nen Gottesdienst gefeiert hat.<\/p>\n<p>Ich m\u00f6chte all jenen danken, die sich so zahlreich wie noch nie an dieser Aktion beteiligt haben. Danken m\u00f6chte ich aber auch den vielen Kindern in den 4 Schulen (VS Marianum, AHS Neuland Wien 19, KMS Neuland Wien 19 und erstmals VS Maria Regina), die Kindern ein Freude bereiten wollten, denen es nicht so gut geht wie ihnen. Danke aber auch den Johannitern und der Caritas die es erm\u00f6glicht haben, dass bereits alle Geschenke am richtigen Ort sind und die Familien ein sch\u00f6nes Fest feiern k\u00f6nnen.<\/p>\n<p>So w\u00fcnsche ich Ihnen allen ein gesegnetes und fr\u00f6hliches Weihnachtsfest und alles Liebe und Gute im neuen Jahr!<\/p>\n<p><span style=\"color: #0000ff;\"><em>Sissy P\u00e4chter und das Caritasteam<\/em><\/span><\/p>\n","protected":false},"excerpt":{"rendered":"<p>Geschenke f\u00fcr \u00fcber 800 Personen, davon f\u00fcr 519 Kinder, lagen am Sonntag Gaudete um unseren Altar in der Pfarrkirche. Es war ein \u00fcberw\u00e4ltigender Anblick, auch f\u00fcr unseren Caritaspr\u00e4sidenten Dr. Landau, der mit uns einen sehr lebendigen und sch\u00f6nen Gottesdienst gefeiert hat. Ich m\u00f6chte all jenen danken, die sich so zahlreich wie noch nie an dieser [&hellip;]<\/p>\n","protected":false},"author":2,"featured_media":0,"comment_status":"open","ping_status":"open","sticky":false,"template":"","format":"standard","meta":{"ngg_post_thumbnail":0,"footnotes":""},"categories":[5,14],"tags":[],"class_list":{"0":"post-2176","1":"post","2":"type-post","3":"status-publish","4":"format-standard","6":"category-was-gewesen-ist","7":"category-zuletzt"},"publishpress_future_action":{"enabled":false,"date":"2026-05-06 10:41:45","action":"category","newStatus":"draft","terms":[],"taxonomy":"category","extraData":[]},"publishpress_future_workflow_manual_trigger":{"enabledWorkflows":[]},"_links":{"self":[{"href":"https:\/\/www.pfarregersthof.at\/komm\/wp-json\/wp\/v2\/posts\/2176","targetHints":{"allow":["GET"]}}],"collection":[{"href":"https:\/\/www.pfarregersthof.at\/komm\/wp-json\/wp\/v2\/posts"}],"about":[{"href":"https:\/\/www.pfarregersthof.at\/komm\/wp-json\/wp\/v2\/types\/post"}],"author":[{"embeddable":true,"href":"https:\/\/www.pfarregersthof.at\/komm\/wp-json\/wp\/v2\/users\/2"}],"replies":[{"embeddable":true,"href":"https:\/\/www.pfarregersthof.at\/komm\/wp-json\/wp\/v2\/comments?post=2176"}],"version-history":[{"count":1,"href":"https:\/\/www.pfarregersthof.at\/komm\/wp-json\/wp\/v2\/posts\/2176\/revisions"}],"predecessor-version":[{"id":2177,"href":"https:\/\/www.pfarregersthof.at\/komm\/wp-json\/wp\/v2\/posts\/2176\/revisions\/2177"}],"wp:attachment":[{"href":"https:\/\/www.pfarregersthof.at\/komm\/wp-json\/wp\/v2\/media?parent=2176"}],"wp:term":[{"taxonomy":"category","embeddable":true,"href":"https:\/\/www.pfarregersthof.at\/komm\/wp-json\/wp\/v2\/categories?post=2176"},{"taxonomy":"post_tag","embeddable":true,"href":"https:\/\/www.pfarregersthof.at\/komm\/wp-json\/wp\/v2\/tags?post=2176"}],"curies":[{"name":"wp","href":"https:\/\/api.w.org\/{rel}","templated":true}]}}