{"id":2185,"date":"2013-12-21T18:03:14","date_gmt":"2013-12-21T16:03:14","guid":{"rendered":"http:\/\/www.pfarregersthof.at\/komm\/?p=2185"},"modified":"2014-01-18T19:06:23","modified_gmt":"2014-01-18T17:06:23","slug":"tag-des-judentums-16-1","status":"publish","type":"post","link":"https:\/\/www.pfarregersthof.at\/komm\/2013\/12\/tag-des-judentums-16-1\/","title":{"rendered":"Tag des Judentums (16.1.)"},"content":{"rendered":"<p>Anl\u00e4sslich des <a href=\"http:\/\/www.christenundjuden.org\/schwerpunkte\/tagdesjudentums\/141-17-jaenner\" target=\"_blank\">Tags des Judentums <\/a>halten wir erstmals im Dekanat 18 und im Rahmen der \u00d6kumenischen Vernetzung (Dekanate 13, 15, 16, 17, 18 und 19) am Donnerstag, 16.1.2014, um 16.00 Uhr eine Gedenkfeier. Diese Gedenkfeier findet zun\u00e4chst in der Kapelle der Schulbr\u00fcder in der <a href=\"https:\/\/maps.google.at\/maps?q=Schopenhauerstra%C3%9Fe+44-46+wien&amp;hl=en&amp;ie=UTF8&amp;sll=48.220685,16.38006&amp;sspn=0.312922,0.53215&amp;hnear=Schopenhauerstra%C3%9Fe+44-46,+W%C3%A4hring+1180+Wien&amp;t=m&amp;z=16\" target=\"_blank\">Schopenhauerstra\u00dfe 44-46<\/a> statt. Dann ziehen wir mit brennenden Kerzen zum Haus Schopenhauerstr. 39, wo einst der W\u00e4hringer Tempel stand und halten stilles Gedenken. Anschlie\u00dfend findet eine Agape bei den Schulbr\u00fcdern statt, um miteinander noch ins Gespr\u00e4ch zu kommen.<\/p>\n<p>Wir bitten um rege Teilnahme.<\/p>\n<p><span style=\"color: #0000ff;\"><em>Heinrich Bica<\/em><\/span><\/p>\n","protected":false},"excerpt":{"rendered":"<p>Anl\u00e4sslich des Tags des Judentums halten wir erstmals im Dekanat 18 und im Rahmen der \u00d6kumenischen Vernetzung (Dekanate 13, 15, 16, 17, 18 und 19) am Donnerstag, 16.1.2014, um 16.00 Uhr eine Gedenkfeier. Diese Gedenkfeier findet zun\u00e4chst in der Kapelle der Schulbr\u00fcder in der Schopenhauerstra\u00dfe 44-46 statt. Dann ziehen wir mit brennenden Kerzen zum Haus [&hellip;]<\/p>\n","protected":false},"author":2,"featured_media":0,"comment_status":"open","ping_status":"open","sticky":false,"template":"","format":"standard","meta":{"ngg_post_thumbnail":0,"footnotes":""},"categories":[7],"tags":[],"class_list":{"0":"post-2185","1":"post","2":"type-post","3":"status-publish","4":"format-standard","6":"category-archiv"},"publishpress_future_action":{"enabled":false,"date":"2026-05-04 11:11:11","action":"category","newStatus":"draft","terms":[],"taxonomy":"category","extraData":[]},"publishpress_future_workflow_manual_trigger":{"enabledWorkflows":[]},"_links":{"self":[{"href":"https:\/\/www.pfarregersthof.at\/komm\/wp-json\/wp\/v2\/posts\/2185","targetHints":{"allow":["GET"]}}],"collection":[{"href":"https:\/\/www.pfarregersthof.at\/komm\/wp-json\/wp\/v2\/posts"}],"about":[{"href":"https:\/\/www.pfarregersthof.at\/komm\/wp-json\/wp\/v2\/types\/post"}],"author":[{"embeddable":true,"href":"https:\/\/www.pfarregersthof.at\/komm\/wp-json\/wp\/v2\/users\/2"}],"replies":[{"embeddable":true,"href":"https:\/\/www.pfarregersthof.at\/komm\/wp-json\/wp\/v2\/comments?post=2185"}],"version-history":[{"count":1,"href":"https:\/\/www.pfarregersthof.at\/komm\/wp-json\/wp\/v2\/posts\/2185\/revisions"}],"predecessor-version":[{"id":2186,"href":"https:\/\/www.pfarregersthof.at\/komm\/wp-json\/wp\/v2\/posts\/2185\/revisions\/2186"}],"wp:attachment":[{"href":"https:\/\/www.pfarregersthof.at\/komm\/wp-json\/wp\/v2\/media?parent=2185"}],"wp:term":[{"taxonomy":"category","embeddable":true,"href":"https:\/\/www.pfarregersthof.at\/komm\/wp-json\/wp\/v2\/categories?post=2185"},{"taxonomy":"post_tag","embeddable":true,"href":"https:\/\/www.pfarregersthof.at\/komm\/wp-json\/wp\/v2\/tags?post=2185"}],"curies":[{"name":"wp","href":"https:\/\/api.w.org\/{rel}","templated":true}]}}