{"id":2243,"date":"2014-01-25T18:41:09","date_gmt":"2014-01-25T16:41:09","guid":{"rendered":"http:\/\/www.pfarregersthof.at\/komm\/?p=2243"},"modified":"2014-05-12T22:03:32","modified_gmt":"2014-05-12T20:03:32","slug":"tag-des-judentums-2014","status":"publish","type":"post","link":"https:\/\/www.pfarregersthof.at\/komm\/2014\/01\/tag-des-judentums-2014\/","title":{"rendered":"Tag des Judentums 2014"},"content":{"rendered":"<p><em>Am 17. J\u00e4nner wurde im Jahr 2014 der Tag des Judentums begangen. An diesem Tag besinnen sich die christlichen Kirchen in \u00d6sterreich ihrer geistlichen Verbindung zum Judentum. An diesem Tag soll aber auch an die Geschichte der Juden in \u00d6sterreich erinnert werden. Eine Gedenkfeier in diesem doppelten Verst\u00e4ndnis wurde am 16. J\u00e4nner im 18. Bezirk gestaltet. Lesen Sie hier den Bericht des Gestalters der Feier, Dr. Heinrich Bica, und sehen Sie Fotos von Dr. Ulrike Kozeschnik:<\/em><\/p>\n<p>Am 16. 01. 2014 fand in der Kapelle der Schulbr\u00fcder (De la salle \u2013 Schulbr\u00fcder) in 1180 Wien, Schopenhauerstra\u00dfe 44-46 eine Gedenkfeier statt, die an den W\u00e4hringer Tempel,\u00a0 der in der Schopenhauerstra\u00dfe 39 stand, erinnerte. An dieser Stellen danke ich nochmals Direktor Eva Lenz, die die Kapelle f\u00fcr diese Feier sofort zur Verf\u00fcgung gestellt hatte.<br \/>\nDie Initiative und die Einladung f\u00fcr diese Gedenkfeier ergriff der \u00d6kumenekreis des Dekanates 18 in Zusammenarbeit der \u00f6kumenisch vernetzten Dekanate 13 bis 19.<\/p>\n<p><a href=\"https:\/\/www.pfarregersthof.at\/komm\/wp-content\/uploads\/2014\/01\/2014-01-16-TagJudentumW18-f3.jpg\"><img loading=\"lazy\" decoding=\"async\" class=\"alignleft size-medium wp-image-2249\" alt=\"2014-01-16-TagJudentumW18-f3\" src=\"https:\/\/www.pfarregersthof.at\/komm\/wp-content\/uploads\/2014\/01\/2014-01-16-TagJudentumW18-f3-300x199.jpg\" width=\"300\" height=\"199\" \/><\/a>Nach der Begr\u00fc\u00dfung durch Dechant Pfarrer Msgr. Dr. Norbert Rodt sprach Univ. Prof. i.R. Dr. Martin J\u00e4ggle einleitende Worte. Er zitierte unseren Bischof von Rom, Papst Franciscus: \u201eGott ist dem Bund mit Israel immer treu geblieben, und die Juden haben trotz aller furchtbaren Geschehnisse dieser Jahrhunderte ihren Glauben an Gott bewahrt. Daf\u00fcr werden wir ihnen als Kirche, aber auch als Menschheit, niemals genug danken k\u00f6nnen.\u201c<\/p>\n<p>Es war wohl das erste Mal, dass ein j\u00fcdischer Kantor in dieser Kapelle gesungen hat. Kantor Robert Singer erkl\u00e4rte kurz die Texte (z.B.: \u201eH\u00f6re Israel\u201c) und sang dann auf Hebr\u00e4isch die von ihm vorbereiteten Ges\u00e4nge. Eine Schriftrolle, ein siebenarmiger Leuchter und eine von Kindern gestaltete Kerze lagen am Altar.<\/p>\n<p><em><a href=\"https:\/\/www.pfarregersthof.at\/komm\/wp-content\/uploads\/2014\/01\/2014-01-16-TagJudentumW18-f6b.jpg\"><img loading=\"lazy\" decoding=\"async\" class=\"size-full wp-image-2252 alignnone\" alt=\"2014-01-16-TagJudentumW18-f6b\" src=\"https:\/\/www.pfarregersthof.at\/komm\/wp-content\/uploads\/2014\/01\/2014-01-16-TagJudentumW18-f6b.jpg\" width=\"274\" height=\"217\" srcset=\"https:\/\/www.pfarregersthof.at\/komm\/wp-content\/uploads\/2014\/01\/2014-01-16-TagJudentumW18-f6b.jpg 274w, https:\/\/www.pfarregersthof.at\/komm\/wp-content\/uploads\/2014\/01\/2014-01-16-TagJudentumW18-f6b-150x119.jpg 150w\" sizes=\"auto, (max-width: 274px) 100vw, 274px\" \/><\/a><\/em><\/p>\n<p>Mit klaren Worten wurde von Pfarrer Dr. Peter Zitta das Schuldbekenntnis vorgetragen. Daraus einige S\u00e4tze: Herr, unser Gott, wir bekennen vor dir, dass wir uns als Kirchen schuldig gemacht haben an deinem Volk Israel. Wir bitten dich um dein Erbarmen und deine Vergebung. \u00d6ffne uns die Augen f\u00fcr das Geheimnis deiner Wege. Wir bitten dich um dein Erbarmen und deine Vergebung.<\/p>\n<p>Dr. Roger W\u00fcst (Dekanat 17) und Dr. Elisabeth Lutter (Dekanat 19) trugen abwechselnd die F\u00fcrbitten vor, auf die jeweils der Vers \u201eHerr erbarme dich\u2026\u201c gesungen wurde. W\u00e4hrend der F\u00fcrbitten z\u00fcndete ein Schulkind Kerzen an und verteilte sie mit konzentriertem Ernst und Sorgfalt an viele der Anwesenden.<\/p>\n<p>Gregor Viilukas las aus dem Buch \u201eAls h\u00e4tten wir dazugeh\u00f6rt\u201c Erinnerungen von George V. Wolfe; und den Text von Frau Doris Weis (Leiterin des W\u00e4hringer Bezirksmuseums) \u00fcber den Bau der Synagoge.<\/p>\n<p>Besonders gefreut haben wir uns, dass die Urenkelin des Architekten des W\u00e4hringer Tempels Jakob Modern Elisabeth Ganglberger bei dieser Feier anwesend war und ein paar Worte an die Anwesenden gerichtet hat. \u201eObwohl sie sehr oft durch die Schopenhauerstra\u00dfe spazierte, wurde ihr erst 1995 klar, das Jakob Modern ihr Urgro\u00dfvater ist\u201c, erz\u00e4hlte sie.<\/p>\n<p><a href=\"https:\/\/www.pfarregersthof.at\/komm\/wp-content\/uploads\/2014\/01\/2014-01-16-TagJudentumW18-f2.jpg\"><img loading=\"lazy\" decoding=\"async\" class=\"alignleft size-medium wp-image-2247\" alt=\"2014-01-16-TagJudentumW18-f2\" src=\"https:\/\/www.pfarregersthof.at\/komm\/wp-content\/uploads\/2014\/01\/2014-01-16-TagJudentumW18-f2-300x225.jpg\" width=\"300\" height=\"225\" srcset=\"https:\/\/www.pfarregersthof.at\/komm\/wp-content\/uploads\/2014\/01\/2014-01-16-TagJudentumW18-f2-300x225.jpg 300w, https:\/\/www.pfarregersthof.at\/komm\/wp-content\/uploads\/2014\/01\/2014-01-16-TagJudentumW18-f2-150x113.jpg 150w, https:\/\/www.pfarregersthof.at\/komm\/wp-content\/uploads\/2014\/01\/2014-01-16-TagJudentumW18-f2-800x600.jpg 800w, https:\/\/www.pfarregersthof.at\/komm\/wp-content\/uploads\/2014\/01\/2014-01-16-TagJudentumW18-f2-1024x768.jpg 1024w, https:\/\/www.pfarregersthof.at\/komm\/wp-content\/uploads\/2014\/01\/2014-01-16-TagJudentumW18-f2-768x576.jpg 768w\" sizes=\"auto, (max-width: 300px) 100vw, 300px\" \/><\/a>Am Ende der Feier wurde der aaronitische Segen von Pfarrer Dr. Norbert Rodt und dem evangelischen Pfarrer i.R. Mag. Manfred Golda gesprochen und unvergleichlich melodi\u00f6s von dem j\u00fcdischen Kantor gesungen.<\/p>\n<p>&nbsp;<\/p>\n<p>Danach zogen wir mit den Kerzen und mit Gesang \u201eShalom Chaverim\u201c an den Ort der ehemaligen Synagoge Schopenhauerstra\u00dfe 39 zu einem stillen Gedenken.<\/p>\n<p><a href=\"https:\/\/www.pfarregersthof.at\/komm\/wp-content\/uploads\/2014\/01\/2014-01-16-TagJudentumW18-f9.jpg\"><img loading=\"lazy\" decoding=\"async\" class=\"alignleft size-medium wp-image-2245\" alt=\"2014-01-16-TagJudentumW18-f9\" src=\"https:\/\/www.pfarregersthof.at\/komm\/wp-content\/uploads\/2014\/01\/2014-01-16-TagJudentumW18-f9-300x199.jpg\" width=\"300\" height=\"199\" \/><\/a><a href=\"https:\/\/www.pfarregersthof.at\/komm\/wp-content\/uploads\/2014\/01\/2014-01-16-TagJudentumW18-f10.jpg\"><img loading=\"lazy\" decoding=\"async\" class=\"alignnone size-medium wp-image-2246\" alt=\"2014-01-16-TagJudentumW18-f10\" src=\"https:\/\/www.pfarregersthof.at\/komm\/wp-content\/uploads\/2014\/01\/2014-01-16-TagJudentumW18-f10-300x199.jpg\" width=\"300\" height=\"199\" \/><\/a><\/p>\n<p>Mit einer kleinen Agape, gerichtet\u00a0 von der Direktorin der Schule der Schulbr\u00fcder, schloss die Feierstunde, die wohl erstmals an diesem Ort Juden und Christen verschiedener Konfessionen zu einem so ber\u00fchrenden Gebet vor dem einen Gott versammelte.<\/p>\n<p>Dr. Heinrich Bica<br \/>\n(\u00d6kumenekreis 18)<\/p>\n","protected":false},"excerpt":{"rendered":"<p>Am 17. J\u00e4nner wurde im Jahr 2014 der Tag des Judentums begangen. An diesem Tag besinnen sich die christlichen Kirchen in \u00d6sterreich ihrer geistlichen Verbindung zum Judentum. An diesem Tag soll aber auch an die Geschichte der Juden in \u00d6sterreich erinnert werden. Eine Gedenkfeier in diesem doppelten Verst\u00e4ndnis wurde am 16. J\u00e4nner im 18. Bezirk [&hellip;]<\/p>\n","protected":false},"author":2,"featured_media":2252,"comment_status":"open","ping_status":"open","sticky":false,"template":"","format":"standard","meta":{"ngg_post_thumbnail":0,"footnotes":""},"categories":[7],"tags":[],"class_list":{"0":"post-2243","1":"post","2":"type-post","3":"status-publish","4":"format-standard","5":"has-post-thumbnail","7":"category-archiv"},"publishpress_future_action":{"enabled":false,"date":"2026-05-05 12:53:12","action":"category","newStatus":"draft","terms":[],"taxonomy":"category","extraData":[]},"publishpress_future_workflow_manual_trigger":{"enabledWorkflows":[]},"_links":{"self":[{"href":"https:\/\/www.pfarregersthof.at\/komm\/wp-json\/wp\/v2\/posts\/2243","targetHints":{"allow":["GET"]}}],"collection":[{"href":"https:\/\/www.pfarregersthof.at\/komm\/wp-json\/wp\/v2\/posts"}],"about":[{"href":"https:\/\/www.pfarregersthof.at\/komm\/wp-json\/wp\/v2\/types\/post"}],"author":[{"embeddable":true,"href":"https:\/\/www.pfarregersthof.at\/komm\/wp-json\/wp\/v2\/users\/2"}],"replies":[{"embeddable":true,"href":"https:\/\/www.pfarregersthof.at\/komm\/wp-json\/wp\/v2\/comments?post=2243"}],"version-history":[{"count":4,"href":"https:\/\/www.pfarregersthof.at\/komm\/wp-json\/wp\/v2\/posts\/2243\/revisions"}],"predecessor-version":[{"id":2254,"href":"https:\/\/www.pfarregersthof.at\/komm\/wp-json\/wp\/v2\/posts\/2243\/revisions\/2254"}],"wp:featuredmedia":[{"embeddable":true,"href":"https:\/\/www.pfarregersthof.at\/komm\/wp-json\/wp\/v2\/media\/2252"}],"wp:attachment":[{"href":"https:\/\/www.pfarregersthof.at\/komm\/wp-json\/wp\/v2\/media?parent=2243"}],"wp:term":[{"taxonomy":"category","embeddable":true,"href":"https:\/\/www.pfarregersthof.at\/komm\/wp-json\/wp\/v2\/categories?post=2243"},{"taxonomy":"post_tag","embeddable":true,"href":"https:\/\/www.pfarregersthof.at\/komm\/wp-json\/wp\/v2\/tags?post=2243"}],"curies":[{"name":"wp","href":"https:\/\/api.w.org\/{rel}","templated":true}]}}