{"id":2255,"date":"2014-01-25T19:10:11","date_gmt":"2014-01-25T17:10:11","guid":{"rendered":"http:\/\/www.pfarregersthof.at\/komm\/?p=2255"},"modified":"2014-02-01T13:50:17","modified_gmt":"2014-02-01T11:50:17","slug":"30-jahre-kleinkindertreffen-30-1","status":"publish","type":"post","link":"https:\/\/www.pfarregersthof.at\/komm\/2014\/01\/30-jahre-kleinkindertreffen-30-1\/","title":{"rendered":"30 Jahre Kleinkindertreffen (30.1.)"},"content":{"rendered":"<p>Das Kleinkindertreffen feiert den 30. Geburtstag!<\/p>\n<p>Deshalb feiern wir am 30. J\u00e4nner, um 19.30 Uhr, im Gemeindezentrum und laden alle, die fr\u00fcher oder sp\u00e4ter oder heute mit dabei waren\/ sind, zu einem Fest ein! In Erinnerungen schwelgen, das Beisammensein genie\u00dfen, essen, plaudern und miteinander lachen \u2013 eben wie es damals war und wie es heute ist. Bitte bring Fotos Deiner Kinder mit und sag die Einladung weiter! Wir freuen uns auf das Wiedersehen!<\/p>\n<p>Pfr. Norbert, Pass Gerda Winner, Hemma Gamillscheg<\/p>\n","protected":false},"excerpt":{"rendered":"<p>Das Kleinkindertreffen feiert den 30. Geburtstag! Deshalb feiern wir am 30. J\u00e4nner, um 19.30 Uhr, im Gemeindezentrum und laden alle, die fr\u00fcher oder sp\u00e4ter oder heute mit dabei waren\/ sind, zu einem Fest ein! In Erinnerungen schwelgen, das Beisammensein genie\u00dfen, essen, plaudern und miteinander lachen \u2013 eben wie es damals war und wie es heute [&hellip;]<\/p>\n","protected":false},"author":2,"featured_media":0,"comment_status":"open","ping_status":"open","sticky":false,"template":"","format":"standard","meta":{"ngg_post_thumbnail":0,"footnotes":""},"categories":[7],"tags":[],"class_list":{"0":"post-2255","1":"post","2":"type-post","3":"status-publish","4":"format-standard","6":"category-archiv"},"publishpress_future_action":{"enabled":false,"date":"2026-05-04 14:48:53","action":"category","newStatus":"draft","terms":[],"taxonomy":"category","extraData":[]},"publishpress_future_workflow_manual_trigger":{"enabledWorkflows":[]},"_links":{"self":[{"href":"https:\/\/www.pfarregersthof.at\/komm\/wp-json\/wp\/v2\/posts\/2255","targetHints":{"allow":["GET"]}}],"collection":[{"href":"https:\/\/www.pfarregersthof.at\/komm\/wp-json\/wp\/v2\/posts"}],"about":[{"href":"https:\/\/www.pfarregersthof.at\/komm\/wp-json\/wp\/v2\/types\/post"}],"author":[{"embeddable":true,"href":"https:\/\/www.pfarregersthof.at\/komm\/wp-json\/wp\/v2\/users\/2"}],"replies":[{"embeddable":true,"href":"https:\/\/www.pfarregersthof.at\/komm\/wp-json\/wp\/v2\/comments?post=2255"}],"version-history":[{"count":1,"href":"https:\/\/www.pfarregersthof.at\/komm\/wp-json\/wp\/v2\/posts\/2255\/revisions"}],"predecessor-version":[{"id":2256,"href":"https:\/\/www.pfarregersthof.at\/komm\/wp-json\/wp\/v2\/posts\/2255\/revisions\/2256"}],"wp:attachment":[{"href":"https:\/\/www.pfarregersthof.at\/komm\/wp-json\/wp\/v2\/media?parent=2255"}],"wp:term":[{"taxonomy":"category","embeddable":true,"href":"https:\/\/www.pfarregersthof.at\/komm\/wp-json\/wp\/v2\/categories?post=2255"},{"taxonomy":"post_tag","embeddable":true,"href":"https:\/\/www.pfarregersthof.at\/komm\/wp-json\/wp\/v2\/tags?post=2255"}],"curies":[{"name":"wp","href":"https:\/\/api.w.org\/{rel}","templated":true}]}}