{"id":2261,"date":"2014-01-25T18:57:53","date_gmt":"2014-01-25T16:57:53","guid":{"rendered":"http:\/\/www.pfarregersthof.at\/komm\/?p=2261"},"modified":"2014-05-12T22:02:32","modified_gmt":"2014-05-12T20:02:32","slug":"danke-vom-partnerprojekt-in-bosnien","status":"publish","type":"post","link":"https:\/\/www.pfarregersthof.at\/komm\/2014\/01\/danke-vom-partnerprojekt-in-bosnien\/","title":{"rendered":"Danke vom Partnerprojekt in Bosnien"},"content":{"rendered":"<p>DANKE f\u00fcr die Spende von 500 EUR vom Krippengang im Dezember 2013 und 100 EUR vom Erl\u00f6s des Suppensonntags am 19. 1. 2014. Das Tages Therapie Zentrum f\u00fcr behinderte Kinder \u201eSchritte der Hoffnung\u201c in Tuzla, hat seit Monaten keine finanzielle staatliche (bosnische) Unterst\u00fctzung mehr erhalten. Dank Ihrer Hilfe kann es nun doch weiter ge\u00f6ffnet bleiben\u2026<\/p>\n<p>Annemarie Kury<\/p>\n","protected":false},"excerpt":{"rendered":"<p>DANKE f\u00fcr die Spende von 500 EUR vom Krippengang im Dezember 2013 und 100 EUR vom Erl\u00f6s des Suppensonntags am 19. 1. 2014. Das Tages Therapie Zentrum f\u00fcr behinderte Kinder \u201eSchritte der Hoffnung\u201c in Tuzla, hat seit Monaten keine finanzielle staatliche (bosnische) Unterst\u00fctzung mehr erhalten. Dank Ihrer Hilfe kann es nun doch weiter ge\u00f6ffnet bleiben\u2026 [&hellip;]<\/p>\n","protected":false},"author":2,"featured_media":0,"comment_status":"open","ping_status":"open","sticky":false,"template":"","format":"standard","meta":{"ngg_post_thumbnail":0,"footnotes":""},"categories":[7],"tags":[],"class_list":{"0":"post-2261","1":"post","2":"type-post","3":"status-publish","4":"format-standard","6":"category-archiv"},"publishpress_future_action":{"enabled":false,"date":"2026-05-04 16:38:29","action":"category","newStatus":"draft","terms":[],"taxonomy":"category","extraData":[]},"publishpress_future_workflow_manual_trigger":{"enabledWorkflows":[]},"_links":{"self":[{"href":"https:\/\/www.pfarregersthof.at\/komm\/wp-json\/wp\/v2\/posts\/2261","targetHints":{"allow":["GET"]}}],"collection":[{"href":"https:\/\/www.pfarregersthof.at\/komm\/wp-json\/wp\/v2\/posts"}],"about":[{"href":"https:\/\/www.pfarregersthof.at\/komm\/wp-json\/wp\/v2\/types\/post"}],"author":[{"embeddable":true,"href":"https:\/\/www.pfarregersthof.at\/komm\/wp-json\/wp\/v2\/users\/2"}],"replies":[{"embeddable":true,"href":"https:\/\/www.pfarregersthof.at\/komm\/wp-json\/wp\/v2\/comments?post=2261"}],"version-history":[{"count":1,"href":"https:\/\/www.pfarregersthof.at\/komm\/wp-json\/wp\/v2\/posts\/2261\/revisions"}],"predecessor-version":[{"id":2262,"href":"https:\/\/www.pfarregersthof.at\/komm\/wp-json\/wp\/v2\/posts\/2261\/revisions\/2262"}],"wp:attachment":[{"href":"https:\/\/www.pfarregersthof.at\/komm\/wp-json\/wp\/v2\/media?parent=2261"}],"wp:term":[{"taxonomy":"category","embeddable":true,"href":"https:\/\/www.pfarregersthof.at\/komm\/wp-json\/wp\/v2\/categories?post=2261"},{"taxonomy":"post_tag","embeddable":true,"href":"https:\/\/www.pfarregersthof.at\/komm\/wp-json\/wp\/v2\/tags?post=2261"}],"curies":[{"name":"wp","href":"https:\/\/api.w.org\/{rel}","templated":true}]}}