{"id":2264,"date":"2014-05-26T19:02:12","date_gmt":"2014-05-26T17:02:12","guid":{"rendered":"http:\/\/www.pfarregersthof.at\/komm\/?p=2264"},"modified":"2014-06-02T22:16:27","modified_gmt":"2014-06-02T20:16:27","slug":"ueber-die-bibeltexte-des-sonntags-reden-1-6","status":"publish","type":"post","link":"https:\/\/www.pfarregersthof.at\/komm\/2014\/05\/ueber-die-bibeltexte-des-sonntags-reden-1-6\/","title":{"rendered":"\u00dcber die Bibeltexte des Sonntags reden (1.6.)"},"content":{"rendered":"<p>&#8230; am 1.6. <strong>nach der 10 Uhr Messe in der Osterkapelle<\/strong>.<\/p>\n<p>Bei jedem Gottesdienst h\u00f6ren wir Lesungen aus der Bibel und meistens auch eine Predigt dar\u00fcber. Aber was f\u00e4llt mir dazu ein, was ber\u00fchrt mich, was erfreut mich, was macht mich nachdenklich oder was \u00e4rgert mich? Wir haben seit vergangenem Sommer rund einmal im Monat ein solches Nach-Gespr\u00e4ch angeboten. Dieses am 1.6. wir das letzte vor diesem Sommer sein.<\/p>\n<p><span style=\"color: #0000ff;\"><em>Michael Steidl, PGR<\/em><\/span><\/p>\n","protected":false},"excerpt":{"rendered":"<p>&#8230; am 1.6. nach der 10 Uhr Messe in der Osterkapelle. Bei jedem Gottesdienst h\u00f6ren wir Lesungen aus der Bibel und meistens auch eine Predigt dar\u00fcber. Aber was f\u00e4llt mir dazu ein, was ber\u00fchrt mich, was erfreut mich, was macht mich nachdenklich oder was \u00e4rgert mich? Wir haben seit vergangenem Sommer rund einmal im Monat [&hellip;]<\/p>\n","protected":false},"author":2,"featured_media":0,"comment_status":"open","ping_status":"open","sticky":false,"template":"","format":"standard","meta":{"ngg_post_thumbnail":0,"footnotes":""},"categories":[7],"tags":[],"class_list":{"0":"post-2264","1":"post","2":"type-post","3":"status-publish","4":"format-standard","6":"category-archiv"},"publishpress_future_action":{"enabled":false,"date":"2026-05-07 04:19:25","action":"category","newStatus":"draft","terms":[],"taxonomy":"category","extraData":[]},"publishpress_future_workflow_manual_trigger":{"enabledWorkflows":[]},"_links":{"self":[{"href":"https:\/\/www.pfarregersthof.at\/komm\/wp-json\/wp\/v2\/posts\/2264","targetHints":{"allow":["GET"]}}],"collection":[{"href":"https:\/\/www.pfarregersthof.at\/komm\/wp-json\/wp\/v2\/posts"}],"about":[{"href":"https:\/\/www.pfarregersthof.at\/komm\/wp-json\/wp\/v2\/types\/post"}],"author":[{"embeddable":true,"href":"https:\/\/www.pfarregersthof.at\/komm\/wp-json\/wp\/v2\/users\/2"}],"replies":[{"embeddable":true,"href":"https:\/\/www.pfarregersthof.at\/komm\/wp-json\/wp\/v2\/comments?post=2264"}],"version-history":[{"count":4,"href":"https:\/\/www.pfarregersthof.at\/komm\/wp-json\/wp\/v2\/posts\/2264\/revisions"}],"predecessor-version":[{"id":2462,"href":"https:\/\/www.pfarregersthof.at\/komm\/wp-json\/wp\/v2\/posts\/2264\/revisions\/2462"}],"wp:attachment":[{"href":"https:\/\/www.pfarregersthof.at\/komm\/wp-json\/wp\/v2\/media?parent=2264"}],"wp:term":[{"taxonomy":"category","embeddable":true,"href":"https:\/\/www.pfarregersthof.at\/komm\/wp-json\/wp\/v2\/categories?post=2264"},{"taxonomy":"post_tag","embeddable":true,"href":"https:\/\/www.pfarregersthof.at\/komm\/wp-json\/wp\/v2\/tags?post=2264"}],"curies":[{"name":"wp","href":"https:\/\/api.w.org\/{rel}","templated":true}]}}