{"id":2268,"date":"2014-02-01T13:55:30","date_gmt":"2014-02-01T11:55:30","guid":{"rendered":"http:\/\/www.pfarregersthof.at\/komm\/?p=2268"},"modified":"2014-02-24T08:53:25","modified_gmt":"2014-02-24T06:53:25","slug":"60plus-kokoschka-ausstellung-20-2","status":"publish","type":"post","link":"https:\/\/www.pfarregersthof.at\/komm\/2014\/02\/60plus-kokoschka-ausstellung-20-2\/","title":{"rendered":"60plus: Kokoschka-Ausstellung (20.2.)"},"content":{"rendered":"<p>Mit &#8222;Kokoschka \u2013 Das Ich im Brennpunkt\u201d widmet das Leopold Museum einem der bedeutendsten \u00f6sterreichischen K\u00fcnstler des 20. Jahrhunderts eine Ausstellung, die erstmals auch Fotografien aus seinem Leben zeigt.<\/p>\n<p>Wir besuchen diese und treffen einander am <strong>20. Februar 2014 um 13:45 Uhr<\/strong> vor dem Eingang &#8211; MuseumsQuartier, Museumsplatz 1, 1070 Wien.<\/p>\n<p>Mag. Alexandra Matzner wird uns durch diese sicherlich au\u00dfergew\u00f6hnliche Ausstellung f\u00fchren. Bitte melden Sie sich dazu im <a title=\"Kabarettabend in Gersthof (1.3.)\" href=\"mailto:sekretariat@pfarregersthof.at\">Pfarrsekretariat <\/a>an, da nur 25 Personen daran teilnehmen k\u00f6nnen.<\/p>\n<p>Auf einen interessanten Nachmittag mit Ihnen freuen wir uns!<br \/>\n<span style=\"color: #0000ff;\"><em>Sissy P\u00e4chter f\u00fcr das Caritasteam<\/em><\/span><\/p>\n","protected":false},"excerpt":{"rendered":"<p>Mit &#8222;Kokoschka \u2013 Das Ich im Brennpunkt\u201d widmet das Leopold Museum einem der bedeutendsten \u00f6sterreichischen K\u00fcnstler des 20. Jahrhunderts eine Ausstellung, die erstmals auch Fotografien aus seinem Leben zeigt. Wir besuchen diese und treffen einander am 20. Februar 2014 um 13:45 Uhr vor dem Eingang &#8211; MuseumsQuartier, Museumsplatz 1, 1070 Wien. Mag. Alexandra Matzner wird [&hellip;]<\/p>\n","protected":false},"author":2,"featured_media":0,"comment_status":"open","ping_status":"open","sticky":false,"template":"","format":"standard","meta":{"ngg_post_thumbnail":0,"footnotes":""},"categories":[7],"tags":[],"class_list":{"0":"post-2268","1":"post","2":"type-post","3":"status-publish","4":"format-standard","6":"category-archiv"},"publishpress_future_action":{"enabled":false,"date":"2026-05-04 14:49:29","action":"category","newStatus":"draft","terms":[],"taxonomy":"category","extraData":[]},"publishpress_future_workflow_manual_trigger":{"enabledWorkflows":[]},"_links":{"self":[{"href":"https:\/\/www.pfarregersthof.at\/komm\/wp-json\/wp\/v2\/posts\/2268","targetHints":{"allow":["GET"]}}],"collection":[{"href":"https:\/\/www.pfarregersthof.at\/komm\/wp-json\/wp\/v2\/posts"}],"about":[{"href":"https:\/\/www.pfarregersthof.at\/komm\/wp-json\/wp\/v2\/types\/post"}],"author":[{"embeddable":true,"href":"https:\/\/www.pfarregersthof.at\/komm\/wp-json\/wp\/v2\/users\/2"}],"replies":[{"embeddable":true,"href":"https:\/\/www.pfarregersthof.at\/komm\/wp-json\/wp\/v2\/comments?post=2268"}],"version-history":[{"count":1,"href":"https:\/\/www.pfarregersthof.at\/komm\/wp-json\/wp\/v2\/posts\/2268\/revisions"}],"predecessor-version":[{"id":2269,"href":"https:\/\/www.pfarregersthof.at\/komm\/wp-json\/wp\/v2\/posts\/2268\/revisions\/2269"}],"wp:attachment":[{"href":"https:\/\/www.pfarregersthof.at\/komm\/wp-json\/wp\/v2\/media?parent=2268"}],"wp:term":[{"taxonomy":"category","embeddable":true,"href":"https:\/\/www.pfarregersthof.at\/komm\/wp-json\/wp\/v2\/categories?post=2268"},{"taxonomy":"post_tag","embeddable":true,"href":"https:\/\/www.pfarregersthof.at\/komm\/wp-json\/wp\/v2\/tags?post=2268"}],"curies":[{"name":"wp","href":"https:\/\/api.w.org\/{rel}","templated":true}]}}