{"id":2279,"date":"2014-02-17T09:59:22","date_gmt":"2014-02-17T07:59:22","guid":{"rendered":"http:\/\/www.pfarregersthof.at\/komm\/?p=2279"},"modified":"2014-03-07T21:15:56","modified_gmt":"2014-03-07T19:15:56","slug":"segen-fuer-grosseltern-und-enkelkinder-2-3","status":"publish","type":"post","link":"https:\/\/www.pfarregersthof.at\/komm\/2014\/02\/segen-fuer-grosseltern-und-enkelkinder-2-3\/","title":{"rendered":"Segen f\u00fcr Gro\u00dfeltern und Enkelkinder (2.3.)"},"content":{"rendered":"<p>Zu dieser schon zur Tradition gewordene Feier wollen wir auch heuer wieder sehr herzlich einladen \u2013 bitte merken Sie den Termin vor: <strong>Sonntag, 2. M\u00e4rz, um 10.00 Uhr<\/strong>. Die musikalische Gestaltung hat die Familien-Musik-Gruppe \u00fcbernommen. Wir freuen uns, wenn Ihr, liebe Enkelkinder, eure Gro\u00dfeltern einladet und Sie, liebe Gro\u00dfeltern, mit Ihren Enkelkindern kommen um mit uns zu feiern.<\/p>\n<p><span style=\"color: #0000ff;\"><em>Pfr. Norbert, Pastoralassistentin Gerda<\/em><\/span><\/p>\n","protected":false},"excerpt":{"rendered":"<p>Zu dieser schon zur Tradition gewordene Feier wollen wir auch heuer wieder sehr herzlich einladen \u2013 bitte merken Sie den Termin vor: Sonntag, 2. M\u00e4rz, um 10.00 Uhr. Die musikalische Gestaltung hat die Familien-Musik-Gruppe \u00fcbernommen. Wir freuen uns, wenn Ihr, liebe Enkelkinder, eure Gro\u00dfeltern einladet und Sie, liebe Gro\u00dfeltern, mit Ihren Enkelkindern kommen um mit [&hellip;]<\/p>\n","protected":false},"author":2,"featured_media":0,"comment_status":"open","ping_status":"open","sticky":false,"template":"","format":"standard","meta":{"ngg_post_thumbnail":0,"footnotes":""},"categories":[7],"tags":[],"class_list":{"0":"post-2279","1":"post","2":"type-post","3":"status-publish","4":"format-standard","6":"category-archiv"},"publishpress_future_action":{"enabled":false,"date":"2026-05-04 03:49:52","action":"category","newStatus":"draft","terms":[],"taxonomy":"category","extraData":[]},"publishpress_future_workflow_manual_trigger":{"enabledWorkflows":[]},"_links":{"self":[{"href":"https:\/\/www.pfarregersthof.at\/komm\/wp-json\/wp\/v2\/posts\/2279","targetHints":{"allow":["GET"]}}],"collection":[{"href":"https:\/\/www.pfarregersthof.at\/komm\/wp-json\/wp\/v2\/posts"}],"about":[{"href":"https:\/\/www.pfarregersthof.at\/komm\/wp-json\/wp\/v2\/types\/post"}],"author":[{"embeddable":true,"href":"https:\/\/www.pfarregersthof.at\/komm\/wp-json\/wp\/v2\/users\/2"}],"replies":[{"embeddable":true,"href":"https:\/\/www.pfarregersthof.at\/komm\/wp-json\/wp\/v2\/comments?post=2279"}],"version-history":[{"count":1,"href":"https:\/\/www.pfarregersthof.at\/komm\/wp-json\/wp\/v2\/posts\/2279\/revisions"}],"predecessor-version":[{"id":2280,"href":"https:\/\/www.pfarregersthof.at\/komm\/wp-json\/wp\/v2\/posts\/2279\/revisions\/2280"}],"wp:attachment":[{"href":"https:\/\/www.pfarregersthof.at\/komm\/wp-json\/wp\/v2\/media?parent=2279"}],"wp:term":[{"taxonomy":"category","embeddable":true,"href":"https:\/\/www.pfarregersthof.at\/komm\/wp-json\/wp\/v2\/categories?post=2279"},{"taxonomy":"post_tag","embeddable":true,"href":"https:\/\/www.pfarregersthof.at\/komm\/wp-json\/wp\/v2\/tags?post=2279"}],"curies":[{"name":"wp","href":"https:\/\/api.w.org\/{rel}","templated":true}]}}