{"id":2281,"date":"2014-02-17T10:01:08","date_gmt":"2014-02-17T08:01:08","guid":{"rendered":"http:\/\/www.pfarregersthof.at\/komm\/?p=2281"},"modified":"2014-02-24T07:53:10","modified_gmt":"2014-02-24T05:53:10","slug":"pfarrcafe-zugunsten-kpl-sureshs-patenkinder-23-2","status":"publish","type":"post","link":"https:\/\/www.pfarregersthof.at\/komm\/2014\/02\/pfarrcafe-zugunsten-kpl-sureshs-patenkinder-23-2\/","title":{"rendered":"Pfarrcafe zugunsten Kpl. Sureshs Patenkinder (23.2.)"},"content":{"rendered":"<p>Wie Ihnen\/Dir teilweise bekannt ist, hat Kaplan Suresh 24 Patenkinder in Indien. 3 Mal j\u00e4hrlich sendet er Geld in seine s\u00fcdindische Heimatpfarre, um damit Schulb\u00fccher, Schulgeld, Bekleidung, etc. zu finanzieren.<\/p>\n<p>Kaplan Suresh und sein Pfarrcafe -Team hoffen daher am <strong>Sonntag, 23.2., im Pfarrcafe nach der 10 Uhr Messe im Gemeindezentrum<\/strong> (Bastiengasse 18) auf viele hungrige G\u00e4ste!<\/p>\n","protected":false},"excerpt":{"rendered":"<p>Wie Ihnen\/Dir teilweise bekannt ist, hat Kaplan Suresh 24 Patenkinder in Indien. 3 Mal j\u00e4hrlich sendet er Geld in seine s\u00fcdindische Heimatpfarre, um damit Schulb\u00fccher, Schulgeld, Bekleidung, etc. zu finanzieren. Kaplan Suresh und sein Pfarrcafe -Team hoffen daher am Sonntag, 23.2., im Pfarrcafe nach der 10 Uhr Messe im Gemeindezentrum (Bastiengasse 18) auf viele hungrige [&hellip;]<\/p>\n","protected":false},"author":2,"featured_media":0,"comment_status":"open","ping_status":"open","sticky":false,"template":"","format":"standard","meta":{"ngg_post_thumbnail":0,"footnotes":""},"categories":[7],"tags":[],"class_list":{"0":"post-2281","1":"post","2":"type-post","3":"status-publish","4":"format-standard","6":"category-archiv"},"publishpress_future_action":{"enabled":false,"date":"2026-05-04 01:44:31","action":"category","newStatus":"draft","terms":[],"taxonomy":"category","extraData":[]},"publishpress_future_workflow_manual_trigger":{"enabledWorkflows":[]},"_links":{"self":[{"href":"https:\/\/www.pfarregersthof.at\/komm\/wp-json\/wp\/v2\/posts\/2281","targetHints":{"allow":["GET"]}}],"collection":[{"href":"https:\/\/www.pfarregersthof.at\/komm\/wp-json\/wp\/v2\/posts"}],"about":[{"href":"https:\/\/www.pfarregersthof.at\/komm\/wp-json\/wp\/v2\/types\/post"}],"author":[{"embeddable":true,"href":"https:\/\/www.pfarregersthof.at\/komm\/wp-json\/wp\/v2\/users\/2"}],"replies":[{"embeddable":true,"href":"https:\/\/www.pfarregersthof.at\/komm\/wp-json\/wp\/v2\/comments?post=2281"}],"version-history":[{"count":4,"href":"https:\/\/www.pfarregersthof.at\/komm\/wp-json\/wp\/v2\/posts\/2281\/revisions"}],"predecessor-version":[{"id":2285,"href":"https:\/\/www.pfarregersthof.at\/komm\/wp-json\/wp\/v2\/posts\/2281\/revisions\/2285"}],"wp:attachment":[{"href":"https:\/\/www.pfarregersthof.at\/komm\/wp-json\/wp\/v2\/media?parent=2281"}],"wp:term":[{"taxonomy":"category","embeddable":true,"href":"https:\/\/www.pfarregersthof.at\/komm\/wp-json\/wp\/v2\/categories?post=2281"},{"taxonomy":"post_tag","embeddable":true,"href":"https:\/\/www.pfarregersthof.at\/komm\/wp-json\/wp\/v2\/tags?post=2281"}],"curies":[{"name":"wp","href":"https:\/\/api.w.org\/{rel}","templated":true}]}}