{"id":2287,"date":"2014-02-24T08:00:41","date_gmt":"2014-02-24T06:00:41","guid":{"rendered":"http:\/\/www.pfarregersthof.at\/komm\/?p=2287"},"modified":"2014-03-19T10:56:52","modified_gmt":"2014-03-19T08:56:52","slug":"benediktinische-lebensimpulse-8-3","status":"publish","type":"post","link":"https:\/\/www.pfarregersthof.at\/komm\/2014\/02\/benediktinische-lebensimpulse-8-3\/","title":{"rendered":"Benediktinische Lebensimpulse (8.3.)"},"content":{"rendered":"<p>Ich lade zu einem vor\u00f6sterlichen Besinnungstag als Glaubenstag mit P. Mag. Maximilian Krenn, OSB, Prior des Stiftes G\u00f6ttweig ein.<br \/>\n<strong>Samstag, 8. M\u00e4rz, 15.00-18.00 Uhr im Gemeindezentrum<\/strong> (Bastiengasse 18) zum Thema: \u201eBenediktinische Lebensimpulse\u201c in drei Vortr\u00e4gen: 15.00 Bete, 16.00 Arbeite, 17.00 Lese<br \/>\nSchlie\u00dflich um 18.30 Feier der Vorabendmesse.<\/p>\n<p><em><span style=\"color: #0000ff;\">Pfr. Norbert<\/span><\/em><\/p>\n","protected":false},"excerpt":{"rendered":"<p>Ich lade zu einem vor\u00f6sterlichen Besinnungstag als Glaubenstag mit P. Mag. Maximilian Krenn, OSB, Prior des Stiftes G\u00f6ttweig ein. Samstag, 8. M\u00e4rz, 15.00-18.00 Uhr im Gemeindezentrum (Bastiengasse 18) zum Thema: \u201eBenediktinische Lebensimpulse\u201c in drei Vortr\u00e4gen: 15.00 Bete, 16.00 Arbeite, 17.00 Lese Schlie\u00dflich um 18.30 Feier der Vorabendmesse. Pfr. Norbert<\/p>\n","protected":false},"author":2,"featured_media":0,"comment_status":"open","ping_status":"open","sticky":false,"template":"","format":"standard","meta":{"ngg_post_thumbnail":0,"footnotes":""},"categories":[7],"tags":[],"class_list":{"0":"post-2287","1":"post","2":"type-post","3":"status-publish","4":"format-standard","6":"category-archiv"},"publishpress_future_action":{"enabled":false,"date":"2026-05-03 23:27:19","action":"category","newStatus":"draft","terms":[],"taxonomy":"category","extraData":[]},"publishpress_future_workflow_manual_trigger":{"enabledWorkflows":[]},"_links":{"self":[{"href":"https:\/\/www.pfarregersthof.at\/komm\/wp-json\/wp\/v2\/posts\/2287","targetHints":{"allow":["GET"]}}],"collection":[{"href":"https:\/\/www.pfarregersthof.at\/komm\/wp-json\/wp\/v2\/posts"}],"about":[{"href":"https:\/\/www.pfarregersthof.at\/komm\/wp-json\/wp\/v2\/types\/post"}],"author":[{"embeddable":true,"href":"https:\/\/www.pfarregersthof.at\/komm\/wp-json\/wp\/v2\/users\/2"}],"replies":[{"embeddable":true,"href":"https:\/\/www.pfarregersthof.at\/komm\/wp-json\/wp\/v2\/comments?post=2287"}],"version-history":[{"count":2,"href":"https:\/\/www.pfarregersthof.at\/komm\/wp-json\/wp\/v2\/posts\/2287\/revisions"}],"predecessor-version":[{"id":2289,"href":"https:\/\/www.pfarregersthof.at\/komm\/wp-json\/wp\/v2\/posts\/2287\/revisions\/2289"}],"wp:attachment":[{"href":"https:\/\/www.pfarregersthof.at\/komm\/wp-json\/wp\/v2\/media?parent=2287"}],"wp:term":[{"taxonomy":"category","embeddable":true,"href":"https:\/\/www.pfarregersthof.at\/komm\/wp-json\/wp\/v2\/categories?post=2287"},{"taxonomy":"post_tag","embeddable":true,"href":"https:\/\/www.pfarregersthof.at\/komm\/wp-json\/wp\/v2\/tags?post=2287"}],"curies":[{"name":"wp","href":"https:\/\/api.w.org\/{rel}","templated":true}]}}