{"id":2291,"date":"2014-02-24T09:09:11","date_gmt":"2014-02-24T07:09:11","guid":{"rendered":"http:\/\/www.pfarregersthof.at\/komm\/?p=2291"},"modified":"2014-02-24T09:16:30","modified_gmt":"2014-02-24T07:16:30","slug":"gemeindezentrum-gehoert-jetzt-der-pfarre","status":"publish","type":"post","link":"https:\/\/www.pfarregersthof.at\/komm\/2014\/02\/gemeindezentrum-gehoert-jetzt-der-pfarre\/","title":{"rendered":"Gemeindezentrum geh\u00f6rt jetzt unserer Pfarre"},"content":{"rendered":"<p>Nach 30 Jahren ist das <a href=\"\/komm\/pfarre-von-a-z\/information\/anreise\/\">Gemeindezentrum <\/a>gegen\u00fcber der Pfarrkirche gut im Eigentum unserer Pfarrgemeinde angekommen. 1982 wurden die R\u00e4umlichkeiten von einem privaten Eigent\u00fcmer angemietet, 10 Jahre sp\u00e4ter ging das Eigentum an die Erzdi\u00f6zese Wien \u00fcber, wir waren weiterhin Mieter. Nun hat die Erzdi\u00f6zese die Schenkung des Gemeindezentrums an die Pfarre Gersthof-St. Leopold angeboten. Nach einer Beratung aller Vor- und Nachteile hat der <a href=\"\/pgr\">Pfarrgemeinderat <\/a>dieses Angebot angenommen und dieser Tage wurde der entsprechende Vertrag unterzeichnet.<\/p>\n<p>Der Pfarrgemeinderat m\u00f6chte allen regelm\u00e4\u00dfigen Spendern unserer Gemeinde, vor allem bei der monatlichen Pfarrsammlung zugunsten des Gemeindezentrums, danken. Gleichzeitig m\u00fcssen wir aber darauf hinweisen, dass dies nicht das Ende von aufzubringenden finanziellen Mitteln darstellt. Als Eigent\u00fcmer des Objekts sind wir nun direkt f\u00fcr dessen Instandhaltung und die laufenden Kosten zust\u00e4ndig. Bitte helfen Sie uns weiterhin, dass das Gemeindezentrum ein Ort sein kann, an dem sich viele Menschen gerne treffen.<\/p>\n<p><span style=\"color: #0000ff;\"><em>Pfarrer Norbert<\/em> <\/span>und <span style=\"color: #0000ff;\"><em>Peter Kucera <\/em><\/span>f\u00fcr den Pfarrgemeinderat<\/p>\n","protected":false},"excerpt":{"rendered":"<p>Nach 30 Jahren ist das Gemeindezentrum gegen\u00fcber der Pfarrkirche gut im Eigentum unserer Pfarrgemeinde angekommen. 1982 wurden die R\u00e4umlichkeiten von einem privaten Eigent\u00fcmer angemietet, 10 Jahre sp\u00e4ter ging das Eigentum an die Erzdi\u00f6zese Wien \u00fcber, wir waren weiterhin Mieter. Nun hat die Erzdi\u00f6zese die Schenkung des Gemeindezentrums an die Pfarre Gersthof-St. Leopold angeboten. Nach einer [&hellip;]<\/p>\n","protected":false},"author":2,"featured_media":0,"comment_status":"open","ping_status":"open","sticky":false,"template":"","format":"standard","meta":{"ngg_post_thumbnail":0,"footnotes":""},"categories":[5,14],"tags":[],"class_list":{"0":"post-2291","1":"post","2":"type-post","3":"status-publish","4":"format-standard","6":"category-was-gewesen-ist","7":"category-zuletzt"},"publishpress_future_action":{"enabled":false,"date":"2026-05-03 21:47:54","action":"category","newStatus":"draft","terms":[],"taxonomy":"category","extraData":[]},"publishpress_future_workflow_manual_trigger":{"enabledWorkflows":[]},"_links":{"self":[{"href":"https:\/\/www.pfarregersthof.at\/komm\/wp-json\/wp\/v2\/posts\/2291","targetHints":{"allow":["GET"]}}],"collection":[{"href":"https:\/\/www.pfarregersthof.at\/komm\/wp-json\/wp\/v2\/posts"}],"about":[{"href":"https:\/\/www.pfarregersthof.at\/komm\/wp-json\/wp\/v2\/types\/post"}],"author":[{"embeddable":true,"href":"https:\/\/www.pfarregersthof.at\/komm\/wp-json\/wp\/v2\/users\/2"}],"replies":[{"embeddable":true,"href":"https:\/\/www.pfarregersthof.at\/komm\/wp-json\/wp\/v2\/comments?post=2291"}],"version-history":[{"count":2,"href":"https:\/\/www.pfarregersthof.at\/komm\/wp-json\/wp\/v2\/posts\/2291\/revisions"}],"predecessor-version":[{"id":2299,"href":"https:\/\/www.pfarregersthof.at\/komm\/wp-json\/wp\/v2\/posts\/2291\/revisions\/2299"}],"wp:attachment":[{"href":"https:\/\/www.pfarregersthof.at\/komm\/wp-json\/wp\/v2\/media?parent=2291"}],"wp:term":[{"taxonomy":"category","embeddable":true,"href":"https:\/\/www.pfarregersthof.at\/komm\/wp-json\/wp\/v2\/categories?post=2291"},{"taxonomy":"post_tag","embeddable":true,"href":"https:\/\/www.pfarregersthof.at\/komm\/wp-json\/wp\/v2\/tags?post=2291"}],"curies":[{"name":"wp","href":"https:\/\/api.w.org\/{rel}","templated":true}]}}