{"id":2300,"date":"2014-03-01T19:30:10","date_gmt":"2014-03-01T17:30:10","guid":{"rendered":"http:\/\/www.pfarregersthof.at\/komm\/?p=2300"},"modified":"2014-04-21T17:59:03","modified_gmt":"2014-04-21T15:59:03","slug":"vorbereitung-auf-ostern-ab-5-3","status":"publish","type":"post","link":"https:\/\/www.pfarregersthof.at\/komm\/2014\/03\/vorbereitung-auf-ostern-ab-5-3\/","title":{"rendered":"Vorbereitung auf Ostern ab 5.3."},"content":{"rendered":"<p>Am Aschermittwoch, 5. M\u00e4rz, beginnt die 40-t\u00e4gige Vorbereitungszeit auf Ostern, das wir am Sonntag, 20. April, feiern werden. (Ausgenommen sind von der Z\u00e4hlung nur die Sonntage der Vorbereitungszeit.)<\/p>\n<h2>\u201eMit dem Wort Gottes auf dem Weg vom Tod zur Auferstehung!\u201c<\/h2>\n<p>Jeder Mensch ist seit seiner Geburt auf dem Weg zum Tod. Der christliche Glaube, geschenkt und vermittelt, hilft als Wegbegleiter \u00fcber den Tod hinaus \u201eDie F\u00fclle des Lebens\u201c zu ahnen. Diese Aussicht ist weder Fata Morgana, noch Phantasie, auch nicht Projektion, sondern Kraft aus dem Worte Gottes: \u201eGott sah, dass alles \u2026 sehr gut war\u201c (Gen 1,31). Jesus, sein Sohn, geglaubt als Christus, unser Bruder, breitet am Kreuz seine Arme aus! Das bedeutet: Ich liebe Dich, Mensch! \u2013 Zeichen und Zusage als \u201eWort Gottes\u201c.<\/p>\n<p style=\"text-align: left;\" align=\"right\">Das w\u00fcnscht und erbittet<br \/>\n<i><span style=\"color: #0000ff;\">Pfr. Norbert<\/span> mit den Team, das die Vorbereitungszeit gestaltet<br \/>\n<\/i><\/p>\n<p style=\"text-align: left;\" align=\"right\"><strong>Aschermittwoch, 5.3.<\/strong><br \/>\n17.00 PfK: Wort-Gottes-Feier mit Aschenkreuz<br \/>\n18.30 Pfk: Gottesdienst mit Aschenkreuz<\/p>\n<p>Freitag, 7.3.<br \/>\n6.00 PfK: Parate-Gottesdienst<br \/>\n17.30-18.30 PfK: Dienst der Bu\u00dfe &amp; Vers\u00f6hnung<br \/>\n18.30 Pfk: Kreuzweg<\/p>\n<p>Samstag, 8.3.<br \/>\n15.00 GZ: Glaubensnachmittag mit P. Maximilian Krenn OSB, G\u00f6ttweig: \u201eBenediktinische Lebensimpulse\u201c: Bete \u2013 Arbeite \u2013 Lese<br \/>\n18.30 Pfk: Gottesdienst \u2013 als Abschluss<\/p>\n<p><strong>Sonntag, 9.3. &#8211; 1. Sonntag in der 40-Tage-Zeit<\/strong><br \/>\n8.30 PfK: mit Einladung an Jubilare<br \/>\n10.00 PfK: Gottesdienst<br \/>\n11.00 GZ: Pfarrkaffee \u2013 Caritasteam l\u00e4dt ein<br \/>\n11.15 GZ: Bildungsfr\u00fchschoppen zum Thema: \u201e1914 \u2013 2014\u201c mit Gerhard Krause<\/p>\n<p>Dienstag, 11.3.<br \/>\n19.30 PfK\/OK: Gebetsabend<\/p>\n<p>Freitag, 14.3. &#8211; Familienfasttag<br \/>\n6.00 PfK: Parate-Gottesdienst<br \/>\n17.30-18.30 PfK: Dienst der Bu\u00dfe &amp; Vers\u00f6hnung<br \/>\n18.30 Pfk: Kreuzweg<\/p>\n<p>Samstag, 15.3.<br \/>\n16.00 GZ: FVb \u2013 Impuls: \u201eSozialengagement\u201c<br \/>\n18.30 PfK: \u201eRockmesse\u201c, anschl. Agape<\/p>\n<p><strong>Sonntag, 16.3. &#8211; 2. Sonntag in der 40-Tage-Zeit<\/strong><br \/>\nSammlung zum Familienfasttag<br \/>\n10.00 Pfk: Gottesdienst (Kantorei), GZ: Kinderkirche, JKP: Junge Kirche<br \/>\n11.00 GZ: Pfarrkaffee \u2013 Einladung der kfb<\/p>\n<p>Dienstag, 18.3.<br \/>\n19.00 PfK\/OK: Taizegebet<\/p>\n<p>Freitag, 21.3.,<br \/>\n6.00 PfK: Parate-Gottesdienst<br \/>\n18.00 Marienkirche (1170): Weltgebetstag der Frauen<\/p>\n<p><strong>Sonntag, 23.3. &#8211; 3. Sonntag in der 40-Tage-Zeit<\/strong><br \/>\nBei allen Gottesdiensten Information zum Di\u00f6zesanen Prozess Apg 2.1<br \/>\n10.00 PfK: Gottesdienst mit besonderer Einladung an Kommunionfamilien<br \/>\n11.00 GZ: Pfarrkaffee \u2013 die JS l\u00e4dt ein!<\/p>\n<p>Dienstag, 25. 3.<br \/>\n19.30 PfK\/OK: Gebetsabend<\/p>\n<p>Freitag, 28.3.,<br \/>\n6.00 PfK: Parate-Gottesdienst<br \/>\n19.00 PfK\/OK: Bu\u00dfgottesdienst<\/p>\n<p>Samstag, 29.3.,<br \/>\n18.30 PfK: Gottesdienst am Vorabend<\/p>\n<p><strong>Sonntag, 30.3. &#8211; 4. Sonntag in der 40-Tage-Zeit, \u201eLaetare\u201c<\/strong><br \/>\n10.00 PfK: Gemeindegottesdienst, GZ: Kinderkirche, JKp: Junge Kirche<br \/>\n11.15 GZ: Suppensonntag<\/p>\n<p>Donnerstag, 3.4.<br \/>\n17.00 PfK: Kreuzweg f\u00fcr Kinder<br \/>\n19.00 PfK: Dekanats-Kreuzweg f\u00fcr Jugendliche<\/p>\n<p>Freitag, 4.4.<br \/>\n6.00 PfK: Parate-Gottesdienst<br \/>\n17.30-18.30 PfK: Dienst der Bu\u00dfe &amp; Vers\u00f6hnung<br \/>\n18.30 PfK: Kreuzweg<\/p>\n<p>Samstag, 5.4.<br \/>\n18.30 PfK: Gemeindegottesdienst<br \/>\n19.30 PfK: Mystikabend<\/p>\n<p><strong>Sonntag, 6.4. &#8211; 5. Sonntag in der Osterzeit<\/strong><br \/>\n10.00 PfK: Gemeindegottesdienst<\/p>\n<p>Dienstag, 8.4.<br \/>\n19.30 PfK\/OK: Gebetsoase<\/p>\n<p>Donnerstag, 10.4.<br \/>\n15.00 GZ: Palmbuschenbinden<\/p>\n<p>Freitag, 11.4.<br \/>\n6.00 PfK: Parate-Gottesdienst<br \/>\n18.30 PfK: Kreuzweg, anschl. ca<br \/>\n19.00 PfK: Anbetung<\/p>\n<h3 style=\"text-align: left;\" align=\"right\">Heilige Woche<\/h3>\n<p style=\"text-align: left;\" align=\"right\"><strong>Sonntag, 13.4. &#8211; Palmsonntag<\/strong><br \/>\nBitte beachten Sie den Sammelkasten f\u00fcr das Hl. Land<br \/>\n8.30 PfK: Gottesdienst<br \/>\n9.30 Erndtgasse\/Ferrogasse: Statio \u2013 Palmprozession zur Kirche<br \/>\n10.00 PfK: Gottesdienst<br \/>\n11.30 JNK: Gottesdienst<br \/>\n18.30 PfK: Gottesdienst<\/p>\n<p><strong>Donnerstag, 17.4. &#8211; Gr\u00fcndonnerstag<\/strong><br \/>\n17.00 PfK\/OK: Wort-Gottes-Feier mit Fu\u00dfwaschung an Kindern<br \/>\n19.00 PfK: Gottesdienst vom Letzten Abendmahl mit Fu\u00dfwaschung, anschl. \u201e\u00d6lbergstunde\u201c, GZ: Agape<\/p>\n<p><strong>Freitag, 18.4. \u2013 Karfreitag<\/strong><br \/>\n8.00 PfK: Gebet<br \/>\n12.00 PfK: Gebet<br \/>\n12.00 GZ: Reisessen (bis 13.00 Uhr)<br \/>\n15.00 GZ: Kreuzweg f\u00fcr Kinder<br \/>\n15.00 PfK: Kreuzweg f\u00fcr Erwachsene<br \/>\n19.00 PfK: Liturgie zum Karfreitag<\/p>\n<p><strong>Samstag, 19.4. &#8211; Karsamstag<\/strong><br \/>\n8.00 PfK: Gebet<br \/>\n12.00 PfK: Gebet<\/p>\n<h2 style=\"text-align: left;\" align=\"right\">Das Osterfest<\/h2>\n<p style=\"text-align: left;\" align=\"right\"><strong>Samstag,19.4.<\/strong><br \/>\n18.00 PfK: Familienvesper zum Osterfest<br \/>\n21.00 PfK: Lichtfeier &amp; Lesungen aus der Hebr\u00e4ischen Bibel,<br \/>\nanschl. Nachtwache in der Osterkapelle<\/p>\n<p><strong>Sonntag, 20.4. &#8211; Ostersonntag<\/strong><br \/>\n4.15 PfK: Treffpunkt zum Friedhofsgang<br \/>\n4.45 Friedhof Gersthof: Gebet &amp; Gang zu den Gr\u00e4bern<br \/>\n6.00 PfK: Morgenfeier \u2013 musikalische Gestaltung \u2013 Familienmusikgruppe,<br \/>\nanschl. GZ: Fr\u00fchst\u00fcck f\u00fcr alle und Ostereiersuchen im Pfarrhausgarten,<br \/>\n9.30 PfK: Festgottesdienst, anschl. Ostereiersuchen<br \/>\n18.00 PfK: \u00d6kumenische Ostervesper \u2013 Predigt: Mag. Elke Kunert, ev. AB<\/p>\n<p><strong>Montag, 21.4. &#8211; Ostermontag<\/strong><br \/>\n9.30 Pfk: Gottesdienst<\/p>\n<p><strong>Die verwendeten K\u00fcrzel f\u00fcr Ortsangaben:<\/strong><\/p>\n<ul>\n<li>PfK Pfarrkirche, Bischof Faber Platz<\/li>\n<li>JKp Jugendkapelle in der Pfarrkirche<\/li>\n<li>OK Osterkapelle in der Pfarrkirche<\/li>\n<li>GZ Gemeindezentrum, Bastiengasse 18<\/li>\n<li>JNK\u00a0\u00a0 \u00a0Johannes Nepomuk Kapelle, Gersthofer Stra\u00dfe 129<\/li>\n<\/ul>\n<p style=\"text-align: left;\" align=\"right\">\n","protected":false},"excerpt":{"rendered":"<p>Am Aschermittwoch, 5. M\u00e4rz, beginnt die 40-t\u00e4gige Vorbereitungszeit auf Ostern, das wir am Sonntag, 20. April, feiern werden. (Ausgenommen sind von der Z\u00e4hlung nur die Sonntage der Vorbereitungszeit.) \u201eMit dem Wort Gottes auf dem Weg vom Tod zur Auferstehung!\u201c Jeder Mensch ist seit seiner Geburt auf dem Weg zum Tod. Der christliche Glaube, geschenkt und [&hellip;]<\/p>\n","protected":false},"author":2,"featured_media":225,"comment_status":"open","ping_status":"open","sticky":false,"template":"","format":"standard","meta":{"ngg_post_thumbnail":0,"footnotes":""},"categories":[7],"tags":[],"class_list":{"0":"post-2300","1":"post","2":"type-post","3":"status-publish","4":"format-standard","5":"has-post-thumbnail","7":"category-archiv"},"publishpress_future_action":{"enabled":false,"date":"2026-05-03 20:05:26","action":"category","newStatus":"draft","terms":[],"taxonomy":"category","extraData":[]},"publishpress_future_workflow_manual_trigger":{"enabledWorkflows":[]},"_links":{"self":[{"href":"https:\/\/www.pfarregersthof.at\/komm\/wp-json\/wp\/v2\/posts\/2300","targetHints":{"allow":["GET"]}}],"collection":[{"href":"https:\/\/www.pfarregersthof.at\/komm\/wp-json\/wp\/v2\/posts"}],"about":[{"href":"https:\/\/www.pfarregersthof.at\/komm\/wp-json\/wp\/v2\/types\/post"}],"author":[{"embeddable":true,"href":"https:\/\/www.pfarregersthof.at\/komm\/wp-json\/wp\/v2\/users\/2"}],"replies":[{"embeddable":true,"href":"https:\/\/www.pfarregersthof.at\/komm\/wp-json\/wp\/v2\/comments?post=2300"}],"version-history":[{"count":3,"href":"https:\/\/www.pfarregersthof.at\/komm\/wp-json\/wp\/v2\/posts\/2300\/revisions"}],"predecessor-version":[{"id":2367,"href":"https:\/\/www.pfarregersthof.at\/komm\/wp-json\/wp\/v2\/posts\/2300\/revisions\/2367"}],"wp:featuredmedia":[{"embeddable":true,"href":"https:\/\/www.pfarregersthof.at\/komm\/wp-json\/wp\/v2\/media\/225"}],"wp:attachment":[{"href":"https:\/\/www.pfarregersthof.at\/komm\/wp-json\/wp\/v2\/media?parent=2300"}],"wp:term":[{"taxonomy":"category","embeddable":true,"href":"https:\/\/www.pfarregersthof.at\/komm\/wp-json\/wp\/v2\/categories?post=2300"},{"taxonomy":"post_tag","embeddable":true,"href":"https:\/\/www.pfarregersthof.at\/komm\/wp-json\/wp\/v2\/tags?post=2300"}],"curies":[{"name":"wp","href":"https:\/\/api.w.org\/{rel}","templated":true}]}}