{"id":2304,"date":"2014-03-01T19:51:05","date_gmt":"2014-03-01T17:51:05","guid":{"rendered":"http:\/\/www.pfarregersthof.at\/komm\/?p=2304"},"modified":"2014-03-30T17:32:10","modified_gmt":"2014-03-30T15:32:10","slug":"einladungen-zum-bewussten-fasten","status":"publish","type":"post","link":"https:\/\/www.pfarregersthof.at\/komm\/2014\/03\/einladungen-zum-bewussten-fasten\/","title":{"rendered":"Einladungen zum bewussten Fasten"},"content":{"rendered":"<p><b>Fastenkalender<\/b><\/p>\n<p>\u201eHungrig nach Gott\u201c ist das Thema des heurigen Fastenkalenders, in dem Sch\u00fclerInnen aus \u00d6sterreich und Bolivien gemeinsam Texte zum Nachdenken verfasst haben. In Kirche und <a title=\"Pfarrsekretariat\" href=\"https:\/\/www.pfarregersthof.at\/komm\/pfarre-von-a-z\/information\/kontakt-aufnehmen\/#pfarrsek\">Pfarrsekretariat <\/a>sind diese Kalender (mit inliegendem Spendenerlagschein\u00a0 f\u00fcr ein Selbstfinanzierungsprojekt auf einer Modellfarm) erh\u00e4ltlich.<\/p>\n<p><b>\u00a0Autofasten <\/b><\/p>\n<p>als Aktion der evangelischen und katholischen Umweltbeauftragten, dient der Verringerung des Energieverbrauchs im Verkehr (dem Hauptverursacher von klimasch\u00e4dlichen CO2-Emissionen), l\u00e4dt aber auch ein zu neuen Erfahrungen mit ge\u00e4nderter Mobilit\u00e4t zum Schutz von Natur und Bewahrung der Sch\u00f6pfung. Wer mitmachen m\u00f6chte: Anmeldung unter <a href=\"http:\/\/www.autofasten.at\/\">www.autofasten.at<\/a><\/p>\n<p><b>\u00a0Der Kreuzweg f\u00fcr Vor\u00fcbergehende<\/b><\/p>\n<p>mit Bildern der K\u00fcnstlerin Roswitha Betz und Texten der MitarbeiterInnen des PGR Ausschusses FAN l\u00e4dt zu einigen Minuten des Innehaltens und der Nachdenklichkeit ein.<\/p>\n","protected":false},"excerpt":{"rendered":"<p>Fastenkalender \u201eHungrig nach Gott\u201c ist das Thema des heurigen Fastenkalenders, in dem Sch\u00fclerInnen aus \u00d6sterreich und Bolivien gemeinsam Texte zum Nachdenken verfasst haben. In Kirche und Pfarrsekretariat sind diese Kalender (mit inliegendem Spendenerlagschein\u00a0 f\u00fcr ein Selbstfinanzierungsprojekt auf einer Modellfarm) erh\u00e4ltlich. \u00a0Autofasten als Aktion der evangelischen und katholischen Umweltbeauftragten, dient der Verringerung des Energieverbrauchs im Verkehr [&hellip;]<\/p>\n","protected":false},"author":2,"featured_media":0,"comment_status":"open","ping_status":"open","sticky":false,"template":"","format":"standard","meta":{"ngg_post_thumbnail":0,"footnotes":""},"categories":[7],"tags":[],"class_list":{"0":"post-2304","1":"post","2":"type-post","3":"status-publish","4":"format-standard","6":"category-archiv"},"publishpress_future_action":{"enabled":false,"date":"2026-05-03 16:20:57","action":"category","newStatus":"draft","terms":[],"taxonomy":"category","extraData":[]},"publishpress_future_workflow_manual_trigger":{"enabledWorkflows":[]},"_links":{"self":[{"href":"https:\/\/www.pfarregersthof.at\/komm\/wp-json\/wp\/v2\/posts\/2304","targetHints":{"allow":["GET"]}}],"collection":[{"href":"https:\/\/www.pfarregersthof.at\/komm\/wp-json\/wp\/v2\/posts"}],"about":[{"href":"https:\/\/www.pfarregersthof.at\/komm\/wp-json\/wp\/v2\/types\/post"}],"author":[{"embeddable":true,"href":"https:\/\/www.pfarregersthof.at\/komm\/wp-json\/wp\/v2\/users\/2"}],"replies":[{"embeddable":true,"href":"https:\/\/www.pfarregersthof.at\/komm\/wp-json\/wp\/v2\/comments?post=2304"}],"version-history":[{"count":1,"href":"https:\/\/www.pfarregersthof.at\/komm\/wp-json\/wp\/v2\/posts\/2304\/revisions"}],"predecessor-version":[{"id":2305,"href":"https:\/\/www.pfarregersthof.at\/komm\/wp-json\/wp\/v2\/posts\/2304\/revisions\/2305"}],"wp:attachment":[{"href":"https:\/\/www.pfarregersthof.at\/komm\/wp-json\/wp\/v2\/media?parent=2304"}],"wp:term":[{"taxonomy":"category","embeddable":true,"href":"https:\/\/www.pfarregersthof.at\/komm\/wp-json\/wp\/v2\/categories?post=2304"},{"taxonomy":"post_tag","embeddable":true,"href":"https:\/\/www.pfarregersthof.at\/komm\/wp-json\/wp\/v2\/tags?post=2304"}],"curies":[{"name":"wp","href":"https:\/\/api.w.org\/{rel}","templated":true}]}}