{"id":2307,"date":"2014-03-01T19:49:03","date_gmt":"2014-03-01T17:49:03","guid":{"rendered":"http:\/\/www.pfarregersthof.at\/komm\/?p=2307"},"modified":"2014-03-23T18:57:13","modified_gmt":"2014-03-23T16:57:13","slug":"60plus-in-der-welt-des-porzellans-20-3","status":"publish","type":"post","link":"https:\/\/www.pfarregersthof.at\/komm\/2014\/03\/60plus-in-der-welt-des-porzellans-20-3\/","title":{"rendered":"60plus: in der Welt des Porzellans (20.3.)"},"content":{"rendered":"<p>Am Donnerstag, <b>20. M\u00e4rz,<\/b> lassen wir uns in die Welt des Porzellans entf\u00fchren!<\/p>\n<p>Wir besuchen die Porzellanmanufaktur Augarten. Bei einer F\u00fchrung incl. Museumsbesuch wird uns die Geschichte des Hauses dargestellt und die Produktion gezeigt.<\/p>\n<p>Wir treffen einander um 12.45 Uhr in der Oberen Augartenstra\u00dfe 1, 1020 Wien. Um Anmeldung wird im der <a href=\"mailto:sekretariat@pfarregersthof.at\">Pfarrsekretariat <\/a>gebeten.<br \/>\nAuf einen Nachmittag der besonderen Art mit Ihnen freuen wir uns!<\/p>\n<p>Sissy P\u00e4chter und das Caritasteam<\/p>\n","protected":false},"excerpt":{"rendered":"<p>Am Donnerstag, 20. M\u00e4rz, lassen wir uns in die Welt des Porzellans entf\u00fchren! Wir besuchen die Porzellanmanufaktur Augarten. Bei einer F\u00fchrung incl. Museumsbesuch wird uns die Geschichte des Hauses dargestellt und die Produktion gezeigt. Wir treffen einander um 12.45 Uhr in der Oberen Augartenstra\u00dfe 1, 1020 Wien. Um Anmeldung wird im der Pfarrsekretariat gebeten. Auf [&hellip;]<\/p>\n","protected":false},"author":2,"featured_media":0,"comment_status":"open","ping_status":"open","sticky":false,"template":"","format":"standard","meta":{"ngg_post_thumbnail":0,"footnotes":""},"categories":[7],"tags":[],"class_list":{"0":"post-2307","1":"post","2":"type-post","3":"status-publish","4":"format-standard","6":"category-archiv"},"publishpress_future_action":{"enabled":false,"date":"2026-05-03 18:22:16","action":"category","newStatus":"draft","terms":[],"taxonomy":"category","extraData":[]},"publishpress_future_workflow_manual_trigger":{"enabledWorkflows":[]},"_links":{"self":[{"href":"https:\/\/www.pfarregersthof.at\/komm\/wp-json\/wp\/v2\/posts\/2307","targetHints":{"allow":["GET"]}}],"collection":[{"href":"https:\/\/www.pfarregersthof.at\/komm\/wp-json\/wp\/v2\/posts"}],"about":[{"href":"https:\/\/www.pfarregersthof.at\/komm\/wp-json\/wp\/v2\/types\/post"}],"author":[{"embeddable":true,"href":"https:\/\/www.pfarregersthof.at\/komm\/wp-json\/wp\/v2\/users\/2"}],"replies":[{"embeddable":true,"href":"https:\/\/www.pfarregersthof.at\/komm\/wp-json\/wp\/v2\/comments?post=2307"}],"version-history":[{"count":1,"href":"https:\/\/www.pfarregersthof.at\/komm\/wp-json\/wp\/v2\/posts\/2307\/revisions"}],"predecessor-version":[{"id":2308,"href":"https:\/\/www.pfarregersthof.at\/komm\/wp-json\/wp\/v2\/posts\/2307\/revisions\/2308"}],"wp:attachment":[{"href":"https:\/\/www.pfarregersthof.at\/komm\/wp-json\/wp\/v2\/media?parent=2307"}],"wp:term":[{"taxonomy":"category","embeddable":true,"href":"https:\/\/www.pfarregersthof.at\/komm\/wp-json\/wp\/v2\/categories?post=2307"},{"taxonomy":"post_tag","embeddable":true,"href":"https:\/\/www.pfarregersthof.at\/komm\/wp-json\/wp\/v2\/tags?post=2307"}],"curies":[{"name":"wp","href":"https:\/\/api.w.org\/{rel}","templated":true}]}}