{"id":2455,"date":"2014-05-26T09:01:29","date_gmt":"2014-05-26T07:01:29","guid":{"rendered":"http:\/\/www.pfarregersthof.at\/komm\/?p=2455"},"modified":"2014-09-01T10:20:02","modified_gmt":"2014-09-01T08:20:02","slug":"danke-fuer-norberti-kirtag-unterstuetzung","status":"publish","type":"post","link":"https:\/\/www.pfarregersthof.at\/komm\/2014\/05\/danke-fuer-norberti-kirtag-unterstuetzung\/","title":{"rendered":"Danke f\u00fcr Norberti-Kirtag Unterst\u00fctzung"},"content":{"rendered":"<p>Danke m\u00f6chten wir gerne allen sagen, die das gro\u00dfe Sommerfest unserer Gemeinde, den 4. Norberti Kirtag, vorbereiten helfen, die mit Kuchen und pers\u00f6nlichem Engagement zum Gelingen beitragen und die sich Zeit zum Kommen und Feiern nehmen!<\/p>\n<p>Deshalb wird uns dieses Fest in sch\u00f6ner Erinnerung bleiben!<\/p>\n<p><span style=\"color: #3366ff;\"><em>Pfr. Norbert<\/em><\/span>, <em><span style=\"color: #3366ff;\">Michi<\/span><\/em>, <span style=\"color: #3366ff;\"><em>Harti<\/em> <\/span>und das Kirtagsteam<\/p>\n","protected":false},"excerpt":{"rendered":"<p>Danke m\u00f6chten wir gerne allen sagen, die das gro\u00dfe Sommerfest unserer Gemeinde, den 4. Norberti Kirtag, vorbereiten helfen, die mit Kuchen und pers\u00f6nlichem Engagement zum Gelingen beitragen und die sich Zeit zum Kommen und Feiern nehmen! Deshalb wird uns dieses Fest in sch\u00f6ner Erinnerung bleiben! Pfr. Norbert, Michi, Harti und das Kirtagsteam<\/p>\n","protected":false},"author":2,"featured_media":0,"comment_status":"open","ping_status":"open","sticky":false,"template":"","format":"standard","meta":{"ngg_post_thumbnail":0,"footnotes":""},"categories":[7],"tags":[],"class_list":{"0":"post-2455","1":"post","2":"type-post","3":"status-publish","4":"format-standard","6":"category-archiv"},"publishpress_future_action":{"enabled":false,"date":"2026-05-07 07:00:23","action":"category","newStatus":"draft","terms":[],"taxonomy":"category","extraData":[]},"publishpress_future_workflow_manual_trigger":{"enabledWorkflows":[]},"_links":{"self":[{"href":"https:\/\/www.pfarregersthof.at\/komm\/wp-json\/wp\/v2\/posts\/2455","targetHints":{"allow":["GET"]}}],"collection":[{"href":"https:\/\/www.pfarregersthof.at\/komm\/wp-json\/wp\/v2\/posts"}],"about":[{"href":"https:\/\/www.pfarregersthof.at\/komm\/wp-json\/wp\/v2\/types\/post"}],"author":[{"embeddable":true,"href":"https:\/\/www.pfarregersthof.at\/komm\/wp-json\/wp\/v2\/users\/2"}],"replies":[{"embeddable":true,"href":"https:\/\/www.pfarregersthof.at\/komm\/wp-json\/wp\/v2\/comments?post=2455"}],"version-history":[{"count":1,"href":"https:\/\/www.pfarregersthof.at\/komm\/wp-json\/wp\/v2\/posts\/2455\/revisions"}],"predecessor-version":[{"id":2456,"href":"https:\/\/www.pfarregersthof.at\/komm\/wp-json\/wp\/v2\/posts\/2455\/revisions\/2456"}],"wp:attachment":[{"href":"https:\/\/www.pfarregersthof.at\/komm\/wp-json\/wp\/v2\/media?parent=2455"}],"wp:term":[{"taxonomy":"category","embeddable":true,"href":"https:\/\/www.pfarregersthof.at\/komm\/wp-json\/wp\/v2\/categories?post=2455"},{"taxonomy":"post_tag","embeddable":true,"href":"https:\/\/www.pfarregersthof.at\/komm\/wp-json\/wp\/v2\/tags?post=2455"}],"curies":[{"name":"wp","href":"https:\/\/api.w.org\/{rel}","templated":true}]}}