{"id":2472,"date":"2014-06-02T22:16:04","date_gmt":"2014-06-02T20:16:04","guid":{"rendered":"http:\/\/www.pfarregersthof.at\/komm\/?p=2472"},"modified":"2014-06-21T12:22:30","modified_gmt":"2014-06-21T10:22:30","slug":"fronleichnam-in-gersthof-19-6","status":"publish","type":"post","link":"https:\/\/www.pfarregersthof.at\/komm\/2014\/06\/fronleichnam-in-gersthof-19-6\/","title":{"rendered":"Fronleichnam in Gersthof (19.6.)"},"content":{"rendered":"<p>Wir feiern einen Festgottesdienst in der Pfarrkirche. W\u00e4hrend der Wortfeier k\u00f6nnen Kinder einen Blumenteppich gestalten, der den Mittelpunkt der anschlie\u00dfenden Prozession und des Ortssegens bildet. Eine besondere Einladung an alle, denen es ein Anliegen ist, Glauben sichtbar zu machen, ganz besonders an alle Kommunionkinder und ihre Familien!<\/p>\n<p>Alter Brauch &#8211; neu belebt: bitte bringt\/bringen Sie Blumen, Bl\u00fctenbl\u00e4tter, Bl\u00e4tter und Naturmaterialien aller Art mit f\u00fcr das Blumenbild in der Kirche (bei Schlechtwetter oder starkem Wind) oder vor der Volkschule (bei Sch\u00f6nwetter). Wir wollen ein Labyrinth gestalten als Sinnbild unseres Lebensweges, der von Gott begleitet wird.<\/p>\n<p><em><span style=\"color: #3366ff;\">Hemma Gamillscheg<\/span><\/em><\/p>\n","protected":false},"excerpt":{"rendered":"<p>Wir feiern einen Festgottesdienst in der Pfarrkirche. W\u00e4hrend der Wortfeier k\u00f6nnen Kinder einen Blumenteppich gestalten, der den Mittelpunkt der anschlie\u00dfenden Prozession und des Ortssegens bildet. Eine besondere Einladung an alle, denen es ein Anliegen ist, Glauben sichtbar zu machen, ganz besonders an alle Kommunionkinder und ihre Familien! Alter Brauch &#8211; neu belebt: bitte bringt\/bringen Sie [&hellip;]<\/p>\n","protected":false},"author":2,"featured_media":0,"comment_status":"open","ping_status":"open","sticky":false,"template":"","format":"standard","meta":{"ngg_post_thumbnail":0,"footnotes":""},"categories":[7],"tags":[],"class_list":{"0":"post-2472","1":"post","2":"type-post","3":"status-publish","4":"format-standard","6":"category-archiv"},"publishpress_future_action":{"enabled":false,"date":"2026-05-07 01:38:33","action":"category","newStatus":"draft","terms":[],"taxonomy":"category","extraData":[]},"publishpress_future_workflow_manual_trigger":{"enabledWorkflows":[]},"_links":{"self":[{"href":"https:\/\/www.pfarregersthof.at\/komm\/wp-json\/wp\/v2\/posts\/2472","targetHints":{"allow":["GET"]}}],"collection":[{"href":"https:\/\/www.pfarregersthof.at\/komm\/wp-json\/wp\/v2\/posts"}],"about":[{"href":"https:\/\/www.pfarregersthof.at\/komm\/wp-json\/wp\/v2\/types\/post"}],"author":[{"embeddable":true,"href":"https:\/\/www.pfarregersthof.at\/komm\/wp-json\/wp\/v2\/users\/2"}],"replies":[{"embeddable":true,"href":"https:\/\/www.pfarregersthof.at\/komm\/wp-json\/wp\/v2\/comments?post=2472"}],"version-history":[{"count":1,"href":"https:\/\/www.pfarregersthof.at\/komm\/wp-json\/wp\/v2\/posts\/2472\/revisions"}],"predecessor-version":[{"id":2473,"href":"https:\/\/www.pfarregersthof.at\/komm\/wp-json\/wp\/v2\/posts\/2472\/revisions\/2473"}],"wp:attachment":[{"href":"https:\/\/www.pfarregersthof.at\/komm\/wp-json\/wp\/v2\/media?parent=2472"}],"wp:term":[{"taxonomy":"category","embeddable":true,"href":"https:\/\/www.pfarregersthof.at\/komm\/wp-json\/wp\/v2\/categories?post=2472"},{"taxonomy":"post_tag","embeddable":true,"href":"https:\/\/www.pfarregersthof.at\/komm\/wp-json\/wp\/v2\/tags?post=2472"}],"curies":[{"name":"wp","href":"https:\/\/api.w.org\/{rel}","templated":true}]}}